{"id":11997,"date":"2024-02-16T20:51:08","date_gmt":"2024-02-16T17:51:08","guid":{"rendered":"https:\/\/www.urfabugun.com\/?p=11997"},"modified":"2024-02-16T20:51:15","modified_gmt":"2024-02-16T17:51:15","slug":"sanliurfada-alacak-verecek-meselesinde-kan-akti","status":"publish","type":"post","link":"https:\/\/www.urfabugun.com\/index.php\/2024\/02\/16\/sanliurfada-alacak-verecek-meselesinde-kan-akti\/","title":{"rendered":"\u015eanl\u0131urfa\u2019da Alacak Verecek Meselesinde Kan Akt\u0131!"},"content":{"rendered":"\n<p><\/p>\n\n\n\n<p><strong>\u015eanl\u0131urfa\u2019n\u0131n Haliliye il\u00e7esinde akrabalar aras\u0131nda \u00e7\u0131kan alacak verecek kavgas\u0131nda kan akt\u0131.<\/strong><\/p>\n\n\n\n<p>Edinilen bilgilere g\u00f6re, olay ak\u015fam saatlerinde Haliliye il\u00e7esinde Pa\u015faba\u011f mahallesi zafer caddesi \u00fczerinde akrabalar aras\u0131nda alacak verecek meselesi y\u00fcz\u00fcnden tart\u0131\u015fma \u00e7\u0131kt\u0131.<\/p>\n\n\n\n<p>K\u0131sa s\u00fcrede b\u00fcy\u00fcyen tart\u0131\u015fma silahl\u0131 kavgaya d\u00f6n\u00fc\u015ft\u00fc. Hen\u00fcz kim taraf\u0131ndan ate\u015flendi\u011fi tespit edilemeyen silahtan \u00e7\u0131kan mermiler 38 ya\u015f\u0131ndaki Hasan K.\u2019nin baca\u011f\u0131na isabet etmesi sonucu yaraland\u0131.<\/p>\n\n\n\n<p>1 K\u0130\u015e\u0130 YARALANDI<br>Baca\u011f\u0131ndan vurulan Hasan K., olay yerine gelen 112 Acil Sa\u011fl\u0131k ekiplerince yap\u0131lan ilk m\u00fcdahalenin ard\u0131ndan Mehmet Akif \u0130nan E\u011fitim ve Ara\u015ft\u0131rma Hastanesi\u2019ne kald\u0131r\u0131ld\u0131. Polis, kavga olay\u0131na kar\u0131\u015fan ve Hasan K.\u2019yi baca\u011f\u0131ndan vuran \u015fah\u0131s ya da \u015fah\u0131slar\u0131n yakalanmas\u0131 i\u00e7in \u00e7al\u0131\u015fma ba\u015flatt\u0131.<br>Konuyla ilgili soru\u015fturma s\u00fcr\u00fcyor.<\/p>\n\n\n\n<p>Kaynak : Urfanatik<\/p>\n","protected":false},"excerpt":{"rendered":"<p>\u015eanl\u0131urfa\u2019n\u0131n Haliliye il\u00e7esinde akrabalar aras\u0131nda \u00e7\u0131kan alacak verecek kavgas\u0131nda kan akt\u0131. Edinilen bilgilere g\u00f6re, olay ak\u015fam&#46;&#46;&#46;<\/p>\n","protected":false},"author":2,"featured_media":11999,"comment_status":"open","ping_status":"open","sticky":false,"template":"","format":"standard","meta":{"inline_featured_image":false,"footnotes":""},"categories":[75],"tags":[184,3597,131,107],"manset":[],"class_list":["post-11997","post","type-post","status-publish","format-standard","has-post-thumbnail","hentry","category-asayis-haberleri","tag-asayis","tag-sanliurfada-alacak-verecek-meselesinde-kan-akti","tag-son-dakika","tag-ub"],"_links":{"self":[{"href":"https:\/\/www.urfabugun.com\/index.php\/wp-json\/wp\/v2\/posts\/11997","targetHints":{"allow":["GET"]}}],"collection":[{"href":"https:\/\/www.urfabugun.com\/index.php\/wp-json\/wp\/v2\/posts"}],"about":[{"href":"https:\/\/www.urfabugun.com\/index.php\/wp-json\/wp\/v2\/types\/post"}],"author":[{"embeddable":true,"href":"https:\/\/www.urfabugun.com\/index.php\/wp-json\/wp\/v2\/users\/2"}],"replies":[{"embeddable":true,"href":"https:\/\/www.urfabugun.com\/index.php\/wp-json\/wp\/v2\/comments?post=11997"}],"version-history":[{"count":0,"href":"https:\/\/www.urfabugun.com\/index.php\/wp-json\/wp\/v2\/posts\/11997\/revisions"}],"wp:featuredmedia":[{"embeddable":true,"href":"https:\/\/www.urfabugun.com\/index.php\/wp-json\/wp\/v2\/media\/11999"}],"wp:attachment":[{"href":"https:\/\/www.urfabugun.com\/index.php\/wp-json\/wp\/v2\/media?parent=11997"}],"wp:term":[{"taxonomy":"category","embeddable":true,"href":"https:\/\/www.urfabugun.com\/index.php\/wp-json\/wp\/v2\/categories?post=11997"},{"taxonomy":"post_tag","embeddable":true,"href":"https:\/\/www.urfabugun.com\/index.php\/wp-json\/wp\/v2\/tags?post=11997"},{"taxonomy":"manset","embeddable":true,"href":"https:\/\/www.urfabugun.com\/index.php\/wp-json\/wp\/v2\/manset?post=11997"}],"curies":[{"name":"wp","href":"https:\/\/api.w.org\/{rel}","templated":true}]}}