{"id":12066,"date":"2024-02-18T13:33:03","date_gmt":"2024-02-18T10:33:03","guid":{"rendered":"https:\/\/www.urfabugun.com\/?p=12066"},"modified":"2024-02-18T13:33:10","modified_gmt":"2024-02-18T10:33:10","slug":"ericek-ve-kendal-ailesinin-aci-gunu","status":"publish","type":"post","link":"https:\/\/www.urfabugun.com\/index.php\/2024\/02\/18\/ericek-ve-kendal-ailesinin-aci-gunu\/","title":{"rendered":"Ericek ve Kendal Ailesinin Ac\u0131 G\u00fcn\u00fc!\u00a0"},"content":{"rendered":"\n<p><\/p>\n\n\n\n<p>\u015eanl\u0131urfal\u0131 23 Ya\u015f\u0131ndaki Bilal Ericek Hayat\u0131n\u0131 Kaybetti.&nbsp;<\/p>\n\n\n\n<p>Vefat:Bilal Ericek<\/p>\n\n\n\n<p>Dondurmac\u0131 merhum Zeki Ericek&#8217;in torunu,Abdulkadir Ericek&#8217;in ye\u011feni,Mustafa Kendal,Murat, Suat ve Kenan Ericek&#8217;in ye\u011fenleri,Zeki Ericek&#8217;in karde\u015fi,\u015e\u00fckr\u00fc Ericek&#8217;in o\u011flu Bilal Ericek Hakk\u0131n Rahmetine kavu\u015fmu\u015ftur.<\/p>\n\n\n\n<p>Cenazesi 18 \u015eubat 2024 Pazar g\u00fcn\u00fc \u00f6\u011fle namaz\u0131n\u0131 m\u00fcteakip Neb\u00ee efendi camisinden (Bedi\u00fczzaman mezarl\u0131k i\u00e7indeki) kald\u0131r\u0131larak&nbsp;<\/p>\n\n\n\n<p>Bedi\u00fczzaman mezarl\u0131\u011f\u0131na defin edilecektir.<\/p>\n\n\n\n<p>Taziye evi: \u00d6zlek Cami taziye evi, Kad\u0131n taziyesi de ayn\u0131 yerdedir.<\/p>\n\n\n\n<p>Urfa Bug\u00fcn ailesi olarak hayat\u0131n\u0131 kaybeden Merhuma Allah\u2019tan Rahmet kederli ailesine ba\u015fsa\u011fl\u0131\u011f\u0131 diliyoruz.<\/p>\n","protected":false},"excerpt":{"rendered":"<p>\u015eanl\u0131urfal\u0131 23 Ya\u015f\u0131ndaki Bilal Ericek Hayat\u0131n\u0131 Kaybetti.&nbsp; Vefat:Bilal Ericek Dondurmac\u0131 merhum Zeki Ericek&#8217;in torunu,Abdulkadir Ericek&#8217;in ye\u011feni,Mustafa&#46;&#46;&#46;<\/p>\n","protected":false},"author":2,"featured_media":12068,"comment_status":"open","ping_status":"open","sticky":false,"template":"","format":"standard","meta":{"inline_featured_image":false,"footnotes":""},"categories":[82],"tags":[970,3617,118,107,435],"manset":[],"class_list":["post-12066","post","type-post","status-publish","format-standard","has-post-thumbnail","hentry","category-gundem-haberleri","tag-aci-haber","tag-bilal-ericek","tag-sanliurfa","tag-ub","tag-vefat"],"_links":{"self":[{"href":"https:\/\/www.urfabugun.com\/index.php\/wp-json\/wp\/v2\/posts\/12066","targetHints":{"allow":["GET"]}}],"collection":[{"href":"https:\/\/www.urfabugun.com\/index.php\/wp-json\/wp\/v2\/posts"}],"about":[{"href":"https:\/\/www.urfabugun.com\/index.php\/wp-json\/wp\/v2\/types\/post"}],"author":[{"embeddable":true,"href":"https:\/\/www.urfabugun.com\/index.php\/wp-json\/wp\/v2\/users\/2"}],"replies":[{"embeddable":true,"href":"https:\/\/www.urfabugun.com\/index.php\/wp-json\/wp\/v2\/comments?post=12066"}],"version-history":[{"count":0,"href":"https:\/\/www.urfabugun.com\/index.php\/wp-json\/wp\/v2\/posts\/12066\/revisions"}],"wp:featuredmedia":[{"embeddable":true,"href":"https:\/\/www.urfabugun.com\/index.php\/wp-json\/wp\/v2\/media\/12068"}],"wp:attachment":[{"href":"https:\/\/www.urfabugun.com\/index.php\/wp-json\/wp\/v2\/media?parent=12066"}],"wp:term":[{"taxonomy":"category","embeddable":true,"href":"https:\/\/www.urfabugun.com\/index.php\/wp-json\/wp\/v2\/categories?post=12066"},{"taxonomy":"post_tag","embeddable":true,"href":"https:\/\/www.urfabugun.com\/index.php\/wp-json\/wp\/v2\/tags?post=12066"},{"taxonomy":"manset","embeddable":true,"href":"https:\/\/www.urfabugun.com\/index.php\/wp-json\/wp\/v2\/manset?post=12066"}],"curies":[{"name":"wp","href":"https:\/\/api.w.org\/{rel}","templated":true}]}}