{"id":12119,"date":"2024-02-19T13:27:30","date_gmt":"2024-02-19T10:27:30","guid":{"rendered":"https:\/\/www.urfabugun.com\/?p=12119"},"modified":"2024-02-19T13:27:36","modified_gmt":"2024-02-19T10:27:36","slug":"sanliurfada-yasanan-cinayette-kahreden-detay","status":"publish","type":"post","link":"https:\/\/www.urfabugun.com\/index.php\/2024\/02\/19\/sanliurfada-yasanan-cinayette-kahreden-detay\/","title":{"rendered":"\u015eanl\u0131urfa\u2019da Ya\u015fanan Cinayette Kahreden Detay!"},"content":{"rendered":"\n<p><\/p>\n\n\n\n<p><strong>D\u00fcn Sokak Ortas\u0131nda Katledilen Suna G\u00fcl Cinayetinde Kahreden Detay Ortaya \u00c7\u0131kt\u0131.<\/strong><\/p>\n\n\n\n<p>Karakol \u00f6n\u00fcnde deh\u015fet Sa\u00e7an Kocan\u0131n ve kar\u0131s\u0131n\u0131n kimlikleri belirlendi. Kenan \u015eaml\u0131o\u011flu ve Suna G\u00fcl oldu\u011fu belirlenen \u00e7iftin cesetleri otopsi yap\u0131lmak \u00fczere adli tip kurumuna g\u00f6nderildi.<\/p>\n\n\n\n<p>Yap\u0131lan \u0130\u015flemlerin ard\u0131ndan bug\u00fcn cenazesi adli t\u0131p kurumundan al\u0131narak \u00f6\u011flen namaz\u0131na m\u00fcteakip yeni asi mezarl\u0131\u011f\u0131nda defnedilecek.<\/p>\n\n\n\n<p><strong>KAHREDEN DETAY ORTAYA \u00c7IKTI!<\/strong><\/p>\n\n\n\n<p>Suna G\u00fcl \u2018\u00fcn daha \u00f6nce bir ka\u00e7 kez karakola ba\u015fvurmu\u015f ve s\u0131\u011f\u0131nma evine m\u00fcracaat etti\u011fi ortaya \u00e7\u0131kt\u0131.<\/p>\n\n\n\n<p>Olay G\u00fcn\u00fc ise i\u015f yerine gelen eski koca Kenan \u015eaml\u0131o\u011flu\u2019ndan ka\u00e7mak i\u00e7in yak\u0131nda bulunan karakola do\u011fru ko\u015farken yakaland\u0131\u011f\u0131 ortaya \u00e7\u0131kt\u0131.<\/p>\n","protected":false},"excerpt":{"rendered":"<p>D\u00fcn Sokak Ortas\u0131nda Katledilen Suna G\u00fcl Cinayetinde Kahreden Detay Ortaya \u00c7\u0131kt\u0131. Karakol \u00f6n\u00fcnde deh\u015fet Sa\u00e7an Kocan\u0131n&#46;&#46;&#46;<\/p>\n","protected":false},"author":2,"featured_media":12121,"comment_status":"open","ping_status":"open","sticky":false,"template":"","format":"standard","meta":{"inline_featured_image":false,"footnotes":""},"categories":[75],"tags":[184,3636,131,3637,107,608],"manset":[],"class_list":["post-12119","post","type-post","status-publish","format-standard","has-post-thumbnail","hentry","category-asayis-haberleri","tag-asayis","tag-sanliurfada-yasanan-cinayette-kahreden-detay","tag-son-dakika","tag-suna-gul","tag-ub","tag-urfa-bugun"],"_links":{"self":[{"href":"https:\/\/www.urfabugun.com\/index.php\/wp-json\/wp\/v2\/posts\/12119","targetHints":{"allow":["GET"]}}],"collection":[{"href":"https:\/\/www.urfabugun.com\/index.php\/wp-json\/wp\/v2\/posts"}],"about":[{"href":"https:\/\/www.urfabugun.com\/index.php\/wp-json\/wp\/v2\/types\/post"}],"author":[{"embeddable":true,"href":"https:\/\/www.urfabugun.com\/index.php\/wp-json\/wp\/v2\/users\/2"}],"replies":[{"embeddable":true,"href":"https:\/\/www.urfabugun.com\/index.php\/wp-json\/wp\/v2\/comments?post=12119"}],"version-history":[{"count":0,"href":"https:\/\/www.urfabugun.com\/index.php\/wp-json\/wp\/v2\/posts\/12119\/revisions"}],"wp:featuredmedia":[{"embeddable":true,"href":"https:\/\/www.urfabugun.com\/index.php\/wp-json\/wp\/v2\/media\/12121"}],"wp:attachment":[{"href":"https:\/\/www.urfabugun.com\/index.php\/wp-json\/wp\/v2\/media?parent=12119"}],"wp:term":[{"taxonomy":"category","embeddable":true,"href":"https:\/\/www.urfabugun.com\/index.php\/wp-json\/wp\/v2\/categories?post=12119"},{"taxonomy":"post_tag","embeddable":true,"href":"https:\/\/www.urfabugun.com\/index.php\/wp-json\/wp\/v2\/tags?post=12119"},{"taxonomy":"manset","embeddable":true,"href":"https:\/\/www.urfabugun.com\/index.php\/wp-json\/wp\/v2\/manset?post=12119"}],"curies":[{"name":"wp","href":"https:\/\/api.w.org\/{rel}","templated":true}]}}