{"id":12169,"date":"2024-02-21T07:56:08","date_gmt":"2024-02-21T04:56:08","guid":{"rendered":"https:\/\/www.urfabugun.com\/?p=12169"},"modified":"2024-02-21T07:56:15","modified_gmt":"2024-02-21T04:56:15","slug":"eyyubiyede-yangin-panigi-ev-kullanilamaz-hale-geldi","status":"publish","type":"post","link":"https:\/\/www.urfabugun.com\/index.php\/2024\/02\/21\/eyyubiyede-yangin-panigi-ev-kullanilamaz-hale-geldi\/","title":{"rendered":"Eyy\u00fcbiye&#8217;de Yang\u0131n Pani\u011fi: Ev Kullan\u0131lamaz Hale Geldi!"},"content":{"rendered":"\n<p><\/p>\n\n\n\n<p><strong>\u015eanl\u0131urfa\u2019n\u0131n il\u00e7esi\u2019nde hen\u00fcz bilinmeyen bir nedenden dolay\u0131 yang\u0131n \u00e7\u0131kt\u0131.<\/strong><\/p>\n\n\n\n<p>Yang\u0131n, gece saatlerinde \u015eanl\u0131urfa\u2019n\u0131n Eyy\u00fcbiye il\u00e7esine ba\u011fl\u0131 G\u00f6l mahallesinde bulunan bir evde hen\u00fcz belirlenemeyen sebeple meydana geldi.<\/p>\n\n\n\n<p>Evden alevlerin y\u00fckseldi\u011fini g\u00f6ren vatanda\u015flar durumu itfaiye, sa\u011fl\u0131k ve polis ekiplerine bildirdi.<\/p>\n\n\n\n<p>\u0130hbar sonras\u0131 b\u00f6lgeye \u00e7ok say\u0131da itfaiye ekibi sevk edildi.<\/p>\n\n\n\n<p>Olay yerine gelen itfaiye ekiplerinin yo\u011fun \u00e7abas\u0131 sonucu yang\u0131n g\u00fc\u00e7l\u00fckle kontrol alt\u0131na al\u0131nd\u0131. \u00d6te yandan, \u00e7\u0131kan yang\u0131nda \u015fans eseri yaralan\u0131n olmad\u0131\u011f\u0131 bildirilirken ev kullan\u0131lamaz hale geldi.<\/p>\n\n\n\n<p>Yang\u0131nla ilgili inceleme ba\u015flat\u0131ld\u0131<\/p>\n","protected":false},"excerpt":{"rendered":"<p>\u015eanl\u0131urfa\u2019n\u0131n il\u00e7esi\u2019nde hen\u00fcz bilinmeyen bir nedenden dolay\u0131 yang\u0131n \u00e7\u0131kt\u0131. Yang\u0131n, gece saatlerinde \u015eanl\u0131urfa\u2019n\u0131n Eyy\u00fcbiye il\u00e7esine ba\u011fl\u0131&#46;&#46;&#46;<\/p>\n","protected":false},"author":2,"featured_media":12171,"comment_status":"open","ping_status":"open","sticky":false,"template":"","format":"standard","meta":{"inline_featured_image":false,"footnotes":""},"categories":[75],"tags":[194,3648,118,131,107,211],"manset":[],"class_list":["post-12169","post","type-post","status-publish","format-standard","has-post-thumbnail","hentry","category-asayis-haberleri","tag-eyyubiye","tag-eyyubiyede-yangin-panigi-ev-kullanilamaz-hale-geldi","tag-sanliurfa","tag-son-dakika","tag-ub","tag-yangin"],"_links":{"self":[{"href":"https:\/\/www.urfabugun.com\/index.php\/wp-json\/wp\/v2\/posts\/12169","targetHints":{"allow":["GET"]}}],"collection":[{"href":"https:\/\/www.urfabugun.com\/index.php\/wp-json\/wp\/v2\/posts"}],"about":[{"href":"https:\/\/www.urfabugun.com\/index.php\/wp-json\/wp\/v2\/types\/post"}],"author":[{"embeddable":true,"href":"https:\/\/www.urfabugun.com\/index.php\/wp-json\/wp\/v2\/users\/2"}],"replies":[{"embeddable":true,"href":"https:\/\/www.urfabugun.com\/index.php\/wp-json\/wp\/v2\/comments?post=12169"}],"version-history":[{"count":0,"href":"https:\/\/www.urfabugun.com\/index.php\/wp-json\/wp\/v2\/posts\/12169\/revisions"}],"wp:featuredmedia":[{"embeddable":true,"href":"https:\/\/www.urfabugun.com\/index.php\/wp-json\/wp\/v2\/media\/12171"}],"wp:attachment":[{"href":"https:\/\/www.urfabugun.com\/index.php\/wp-json\/wp\/v2\/media?parent=12169"}],"wp:term":[{"taxonomy":"category","embeddable":true,"href":"https:\/\/www.urfabugun.com\/index.php\/wp-json\/wp\/v2\/categories?post=12169"},{"taxonomy":"post_tag","embeddable":true,"href":"https:\/\/www.urfabugun.com\/index.php\/wp-json\/wp\/v2\/tags?post=12169"},{"taxonomy":"manset","embeddable":true,"href":"https:\/\/www.urfabugun.com\/index.php\/wp-json\/wp\/v2\/manset?post=12169"}],"curies":[{"name":"wp","href":"https:\/\/api.w.org\/{rel}","templated":true}]}}