{"id":12188,"date":"2024-02-21T11:20:30","date_gmt":"2024-02-21T08:20:30","guid":{"rendered":"https:\/\/www.urfabugun.com\/?p=12188"},"modified":"2024-02-21T11:20:42","modified_gmt":"2024-02-21T08:20:42","slug":"baskan-beyazgul-sipahi-pazari-esnafini-ziyaret-etti","status":"publish","type":"post","link":"https:\/\/www.urfabugun.com\/index.php\/2024\/02\/21\/baskan-beyazgul-sipahi-pazari-esnafini-ziyaret-etti\/","title":{"rendered":"Ba\u015fkan Beyazg\u00fcl, Sipahi Pazar\u0131 Esnaf\u0131n\u0131 Ziyaret Etti!"},"content":{"rendered":"\n<p><\/p>\n\n\n\n<p><strong>\u015eanl\u0131urfa B\u00fcy\u00fck\u015fehir Belediye Ba\u015fkan\u0131 Zeynel Abidin Beyazg\u00fcl ile AK Parti \u015eanl\u0131urfa Milletvekili Mehmet Ali Cevheri, Bal\u0131kl\u0131g\u00f6l platosunda yer alan tarihi sipahi pazar\u0131nda esnaflar\u0131 ziyaret etti.<\/strong><\/p>\n\n\n\n<p>\u015eanl\u0131urfa B\u00fcy\u00fck\u015fehir Belediye Ba\u015fkan\u0131 Zeynel Abidin Beyazg\u00fcl ile AK Parti \u015eanl\u0131urfa Milletvekili Mehmet Ali Cevheri esnaf ziyaretlerini s\u00fcrd\u00fcr\u00fcyor.<\/p>\n\n\n\n<figure class=\"wp-block-image size-large\"><img loading=\"lazy\" decoding=\"async\" width=\"1024\" height=\"683\" src=\"https:\/\/www.urfabugun.com\/wp-content\/uploads\/2024\/02\/e96b8f6d-b648-44dd-9686-edf8e06ed07a-1024x683.jpg\" alt=\"\" class=\"wp-image-12191\"\/><\/figure>\n\n\n\n<p>Ba\u015fkan Beyazg\u00fcl ile Milletvekili Cevheri Ha\u015fimiye Meydan\u0131ndaki tarihi Sipahi Pazar\u0131 ile Kuyumcular \u00c7ar\u015f\u0131s\u0131ndaki esnaflarla bir araya geldi.<\/p>\n\n\n\n<p>\u015eanl\u0131urfa B\u00fcy\u00fck\u015fehir Belediye Ba\u015fkan\u0131 Zeynel Abidin Beyazg\u00fcl ve Milletvekili Cevheri esnaflar\u0131 tek tek gezerek sohbet etti.<\/p>\n\n\n\n<p>Kentte turizme y\u00f6nelik yap\u0131lan \u00e7al\u0131\u015fmalar\u0131 esnaflara anlatan Ba\u015fkan Beyazg\u00fcl, esnaf\u0131n talep ve \u00f6nerilerini dinledi.<\/p>\n\n\n\n<p>Tarihi Hanlar B\u00f6lgesinde bulunan esnaflar\u0131 ziyaret eden Ba\u015fkan Beyazg\u00fcl, \u015eanl\u0131urfa turizmi i\u00e7in tarihi yap\u0131lar\u0131n yer ald\u0131\u011f\u0131 eski Urfa\u2019y\u0131 \u00f6n plana \u00e7\u0131karan \u00e7al\u0131\u015fmalar yapt\u0131klar\u0131n\u0131 anlatt\u0131.&nbsp;<\/p>\n","protected":false},"excerpt":{"rendered":"<p>\u015eanl\u0131urfa B\u00fcy\u00fck\u015fehir Belediye Ba\u015fkan\u0131 Zeynel Abidin Beyazg\u00fcl ile AK Parti \u015eanl\u0131urfa Milletvekili Mehmet Ali Cevheri, Bal\u0131kl\u0131g\u00f6l&#46;&#46;&#46;<\/p>\n","protected":false},"author":2,"featured_media":12190,"comment_status":"open","ping_status":"open","sticky":false,"template":"","format":"standard","meta":{"inline_featured_image":false,"footnotes":""},"categories":[82],"tags":[172,118,3655,131,107,173],"manset":[],"class_list":["post-12188","post","type-post","status-publish","format-standard","has-post-thumbnail","hentry","category-gundem-haberleri","tag-baskan-beyazgul","tag-sanliurfa","tag-sipahi-pazari-esnafini-ziyaret-etti","tag-son-dakika","tag-ub","tag-zeynel-abidin-beyazgul"],"_links":{"self":[{"href":"https:\/\/www.urfabugun.com\/index.php\/wp-json\/wp\/v2\/posts\/12188","targetHints":{"allow":["GET"]}}],"collection":[{"href":"https:\/\/www.urfabugun.com\/index.php\/wp-json\/wp\/v2\/posts"}],"about":[{"href":"https:\/\/www.urfabugun.com\/index.php\/wp-json\/wp\/v2\/types\/post"}],"author":[{"embeddable":true,"href":"https:\/\/www.urfabugun.com\/index.php\/wp-json\/wp\/v2\/users\/2"}],"replies":[{"embeddable":true,"href":"https:\/\/www.urfabugun.com\/index.php\/wp-json\/wp\/v2\/comments?post=12188"}],"version-history":[{"count":0,"href":"https:\/\/www.urfabugun.com\/index.php\/wp-json\/wp\/v2\/posts\/12188\/revisions"}],"wp:featuredmedia":[{"embeddable":true,"href":"https:\/\/www.urfabugun.com\/index.php\/wp-json\/wp\/v2\/media\/12190"}],"wp:attachment":[{"href":"https:\/\/www.urfabugun.com\/index.php\/wp-json\/wp\/v2\/media?parent=12188"}],"wp:term":[{"taxonomy":"category","embeddable":true,"href":"https:\/\/www.urfabugun.com\/index.php\/wp-json\/wp\/v2\/categories?post=12188"},{"taxonomy":"post_tag","embeddable":true,"href":"https:\/\/www.urfabugun.com\/index.php\/wp-json\/wp\/v2\/tags?post=12188"},{"taxonomy":"manset","embeddable":true,"href":"https:\/\/www.urfabugun.com\/index.php\/wp-json\/wp\/v2\/manset?post=12188"}],"curies":[{"name":"wp","href":"https:\/\/api.w.org\/{rel}","templated":true}]}}