{"id":12251,"date":"2024-02-23T16:03:17","date_gmt":"2024-02-23T13:03:17","guid":{"rendered":"https:\/\/www.urfabugun.com\/?p=12251"},"modified":"2024-02-23T16:03:23","modified_gmt":"2024-02-23T13:03:23","slug":"belediye-baskan-adayi-intihar-etmek-isteyen-genci-kurtardi","status":"publish","type":"post","link":"https:\/\/www.urfabugun.com\/index.php\/2024\/02\/23\/belediye-baskan-adayi-intihar-etmek-isteyen-genci-kurtardi\/","title":{"rendered":"Belediye Ba\u015fkan Aday\u0131, \u0130ntihar Etmek \u0130steyen Genci Kurtard\u0131!"},"content":{"rendered":"\n<p><\/p>\n\n\n\n<p><strong>\u015eanl\u0131urfa&#8217;da d\u00fcn ak\u015fam saatlerinde ya\u015fanan dramatik bir olayda, Haliliye Belediye Ba\u015fkan Aday\u0131 Vedat Do\u011far, intihar etmek isteyen bir genci kurtard\u0131. <\/strong><br><\/p>\n\n\n\n<p>Olay, \u015fehirde bulunan in\u015faat halindeki sekiz katl\u0131 bir binan\u0131n \u00fczerine \u00e7\u0131kan gen\u00e7 adam\u0131n intihar giri\u015fimiyle ba\u015flad\u0131.<\/p>\n\n\n\n<p>\u0130ddialara g\u00f6re, \u00e7evredeki vatanda\u015flar durumu fark ederek hemen polis, itfaiye ve sa\u011fl\u0131k ekiplerine haber verdi.<\/p>\n\n\n\n<p>Olay yerine gelen ekipler, \u00e7evrede g\u00fcvenlik \u00f6nlemi al\u0131rken, polis ekipleri gen\u00e7 adam\u0131 ikna etmeye \u00e7al\u0131\u015ft\u0131. Ancak, polis ekiplerinin \u00e7abalar\u0131 sonu\u00e7suz kal\u0131nca, Belediye Ba\u015fkan Aday\u0131 Vedat Do\u011far devreye girdi.<\/p>\n\n\n\n<figure class=\"wp-block-image size-full\"><img loading=\"lazy\" decoding=\"async\" width=\"828\" height=\"465\" src=\"https:\/\/www.urfabugun.com\/wp-content\/uploads\/2024\/02\/IMG_0929-1.jpeg\" alt=\"\" class=\"wp-image-12255\"\/><\/figure>\n\n\n\n<p>Do\u011far&#8217;\u0131n ikna \u00e7abalar\u0131 sonu\u00e7 verdi ve gen\u00e7 adam\u0131n intihar giri\u015fimi engellendi. Sa\u011fl\u0131k ekipleri taraf\u0131ndan olay yerine \u00e7a\u011fr\u0131ld\u0131 ve gen\u00e7 adam hastaneye g\u00f6t\u00fcr\u00fclerek tedavi alt\u0131na al\u0131nd\u0131.<\/p>\n","protected":false},"excerpt":{"rendered":"<p>\u015eanl\u0131urfa&#8217;da d\u00fcn ak\u015fam saatlerinde ya\u015fanan dramatik bir olayda, Haliliye Belediye Ba\u015fkan Aday\u0131 Vedat Do\u011far, intihar etmek&#46;&#46;&#46;<\/p>\n","protected":false},"author":2,"featured_media":12254,"comment_status":"open","ping_status":"open","sticky":false,"template":"","format":"standard","meta":{"inline_featured_image":false,"footnotes":""},"categories":[82],"tags":[3676,3677,118,131,107],"manset":[],"class_list":["post-12251","post","type-post","status-publish","format-standard","has-post-thumbnail","hentry","category-gundem-haberleri","tag-belediye-baskan-adayi","tag-intihar-etmek-isteyen-genci-kurtardi","tag-sanliurfa","tag-son-dakika","tag-ub"],"_links":{"self":[{"href":"https:\/\/www.urfabugun.com\/index.php\/wp-json\/wp\/v2\/posts\/12251","targetHints":{"allow":["GET"]}}],"collection":[{"href":"https:\/\/www.urfabugun.com\/index.php\/wp-json\/wp\/v2\/posts"}],"about":[{"href":"https:\/\/www.urfabugun.com\/index.php\/wp-json\/wp\/v2\/types\/post"}],"author":[{"embeddable":true,"href":"https:\/\/www.urfabugun.com\/index.php\/wp-json\/wp\/v2\/users\/2"}],"replies":[{"embeddable":true,"href":"https:\/\/www.urfabugun.com\/index.php\/wp-json\/wp\/v2\/comments?post=12251"}],"version-history":[{"count":0,"href":"https:\/\/www.urfabugun.com\/index.php\/wp-json\/wp\/v2\/posts\/12251\/revisions"}],"wp:featuredmedia":[{"embeddable":true,"href":"https:\/\/www.urfabugun.com\/index.php\/wp-json\/wp\/v2\/media\/12254"}],"wp:attachment":[{"href":"https:\/\/www.urfabugun.com\/index.php\/wp-json\/wp\/v2\/media?parent=12251"}],"wp:term":[{"taxonomy":"category","embeddable":true,"href":"https:\/\/www.urfabugun.com\/index.php\/wp-json\/wp\/v2\/categories?post=12251"},{"taxonomy":"post_tag","embeddable":true,"href":"https:\/\/www.urfabugun.com\/index.php\/wp-json\/wp\/v2\/tags?post=12251"},{"taxonomy":"manset","embeddable":true,"href":"https:\/\/www.urfabugun.com\/index.php\/wp-json\/wp\/v2\/manset?post=12251"}],"curies":[{"name":"wp","href":"https:\/\/api.w.org\/{rel}","templated":true}]}}