{"id":12286,"date":"2024-02-24T11:28:04","date_gmt":"2024-02-24T08:28:04","guid":{"rendered":"https:\/\/www.urfabugun.com\/?p=12286"},"modified":"2024-02-24T11:28:11","modified_gmt":"2024-02-24T08:28:11","slug":"tehlike-kapida-deprem-uzmani-ercan-uyardi","status":"publish","type":"post","link":"https:\/\/www.urfabugun.com\/index.php\/2024\/02\/24\/tehlike-kapida-deprem-uzmani-ercan-uyardi\/","title":{"rendered":"Tehlike Kap\u0131da: Deprem Uzman\u0131 Ercan Uyard\u0131!"},"content":{"rendered":"\n<p><\/p>\n\n\n\n<p><strong>Bursa\u2019da yeni tespit edilen aktif fay hatt\u0131 konusunda konu\u015fan deprem uzman\u0131 Prof. Dr. Ahmet \u00d6vg\u00fcn Ercan, Kayapa-Yeni\u015fehir b\u00f6lgesinde yer alan fay hatt\u0131 hakk\u0131nda kritik uyar\u0131larda bulundu.<\/strong><\/p>\n\n\n\n<p>Bursa\u2019da y\u0131llard\u0131r var olan fay hatlar\u0131n\u0131n d\u0131\u015f\u0131nda yeni ve \u015fiddetli deprem yaratma potansiyeline sahip olan yeni bir fay hatt\u0131 ke\u015ffedildi.<\/p>\n\n\n\n<p>Baz\u0131 uzmanlar Kayapa-Yeni\u015fehir b\u00f6lgesinde yer alan fay hatt\u0131n\u0131n 7 ve \u00fczerinde bir deprem yaratma potansiyeline sahip oldu\u011funu ifade ederken deprem uzman\u0131 Prof. Dr. Ahmet \u00d6vg\u00fcn Ercan\u2019dan s\u00f6z konusu fay hatt\u0131 konusunda \u00f6nemli a\u00e7\u0131klamalarda bulundu.<\/p>\n\n\n\n<p><strong>DEPREM DUYARLI OVAYA YAYILIYOR<\/strong><\/p>\n\n\n\n<p>Prof. Dr. Ahmet \u00d6vg\u00fcn Ercan, konu hakk\u0131nda \u015funlar\u0131 s\u00f6yledi: \u0130leride de M6 ile M7,2 aras\u0131nda depremler yapmas\u0131 \u015fa\u015f\u0131rt\u0131c\u0131 olmaz. Ancak, ivedi deprem bekleniyor diye bir uyar\u0131 s\u00f6z konusu de\u011fildir. Bursa, ne yaz\u0131k ki, oynak, deprem duyarl\u0131 ovaya do\u011fru yay\u0131lmay\u0131 s\u00fcrd\u00fcr\u00fcyor.<\/p>\n\n\n\n<p>Bu yanl\u0131\u015f\u0131 halk can\u0131yla \u00f6deyecektir. \u0130zin veren belediye yarg\u0131lanmal\u0131d\u0131r. T\u00fcrkiye\u2019de g\u00f6zle g\u00f6r\u00fclmeyen deprem \u00fcretebilir k\u0131r\u0131k vard\u0131r.<\/p>\n\n\n\n<p>Bursa\u2019da 3 \u00fcniversitenin jeofizik g\u00f6r\u00fcnt\u00fclemeyle belirledi\u011fi Kayapa-Yeni\u015fehir K\u0131r\u0131\u011f\u0131\u2019n\u0131n Bursa Ovas\u0131\u2019na uzanan kolunun 40 km, do\u011fuda Yeni\u015fehir kolunun 55 km oldu\u011fu belirtiliyor. Bu k\u0131r\u0131k ge\u00e7mi\u015fte 1855 depremini yapm\u0131\u015ft\u0131r.<\/p>\n","protected":false},"excerpt":{"rendered":"<p>Bursa\u2019da yeni tespit edilen aktif fay hatt\u0131 konusunda konu\u015fan deprem uzman\u0131 Prof. Dr. Ahmet \u00d6vg\u00fcn Ercan,&#46;&#46;&#46;<\/p>\n","protected":false},"author":2,"featured_media":12288,"comment_status":"open","ping_status":"open","sticky":false,"template":"","format":"standard","meta":{"inline_featured_image":false,"footnotes":""},"categories":[82],"tags":[914,3686,118,131,3685,107,608,93],"manset":[],"class_list":["post-12286","post","type-post","status-publish","format-standard","has-post-thumbnail","hentry","category-gundem-haberleri","tag-bursa","tag-prof-dr-ahmet-ovgun","tag-sanliurfa","tag-son-dakika","tag-tehlike-kapida-deprem-uzmani-ercan-uyardi","tag-ub","tag-urfa-bugun","tag-ust"],"_links":{"self":[{"href":"https:\/\/www.urfabugun.com\/index.php\/wp-json\/wp\/v2\/posts\/12286","targetHints":{"allow":["GET"]}}],"collection":[{"href":"https:\/\/www.urfabugun.com\/index.php\/wp-json\/wp\/v2\/posts"}],"about":[{"href":"https:\/\/www.urfabugun.com\/index.php\/wp-json\/wp\/v2\/types\/post"}],"author":[{"embeddable":true,"href":"https:\/\/www.urfabugun.com\/index.php\/wp-json\/wp\/v2\/users\/2"}],"replies":[{"embeddable":true,"href":"https:\/\/www.urfabugun.com\/index.php\/wp-json\/wp\/v2\/comments?post=12286"}],"version-history":[{"count":0,"href":"https:\/\/www.urfabugun.com\/index.php\/wp-json\/wp\/v2\/posts\/12286\/revisions"}],"wp:featuredmedia":[{"embeddable":true,"href":"https:\/\/www.urfabugun.com\/index.php\/wp-json\/wp\/v2\/media\/12288"}],"wp:attachment":[{"href":"https:\/\/www.urfabugun.com\/index.php\/wp-json\/wp\/v2\/media?parent=12286"}],"wp:term":[{"taxonomy":"category","embeddable":true,"href":"https:\/\/www.urfabugun.com\/index.php\/wp-json\/wp\/v2\/categories?post=12286"},{"taxonomy":"post_tag","embeddable":true,"href":"https:\/\/www.urfabugun.com\/index.php\/wp-json\/wp\/v2\/tags?post=12286"},{"taxonomy":"manset","embeddable":true,"href":"https:\/\/www.urfabugun.com\/index.php\/wp-json\/wp\/v2\/manset?post=12286"}],"curies":[{"name":"wp","href":"https:\/\/api.w.org\/{rel}","templated":true}]}}