{"id":12290,"date":"2024-02-24T11:51:56","date_gmt":"2024-02-24T08:51:56","guid":{"rendered":"https:\/\/www.urfabugun.com\/?p=12290"},"modified":"2024-02-24T11:52:03","modified_gmt":"2024-02-24T08:52:03","slug":"ek-ucak-seferleri-duzenlenecek-urfa-valisinden-super-kupa-aciklamasi","status":"publish","type":"post","link":"https:\/\/www.urfabugun.com\/index.php\/2024\/02\/24\/ek-ucak-seferleri-duzenlenecek-urfa-valisinden-super-kupa-aciklamasi\/","title":{"rendered":"Ek U\u00e7ak Seferleri D\u00fczenlenecek:\u00a0 Urfa Valisi\u2019nden S\u00fcper Kupa A\u00e7\u0131klamas\u0131!"},"content":{"rendered":"\n<p><\/p>\n\n\n\n<p><strong>\u015eanl\u0131urfa Valisi Hasan \u015e\u0131ldak, Galatasaray ile Fenerbah\u00e7e aras\u0131nda 7 Nisan&#8217;da \u015eanl\u0131urfa&#8217;da 11 Nisan stadyumunda oynanacak olan S\u00fcper Kupa ma\u00e7\u0131 i\u00e7in a\u00e7\u0131klamalarda bulundu.<\/strong><\/p>\n\n\n\n<p>29 Aral\u0131k\u2019ta Suudi Arabistan\u2019\u0131n ba\u015fkenti Riyad\u2019da oynanmas\u0131 planlanan S\u00fcper Kupa finali, 7 Nisan\u2019da saat 21:00\u2019da \u015eanl\u0131urfa\u2019da 11 Nisan Stadyumu&#8217;nda oynanaca\u011fu duyurulmu\u015ftu.<\/p>\n\n\n\n<p>Galatasaray ve Fenerbah\u00e7e taraftarlar\u0131 ile \u015eanl\u0131urfal\u0131lar\u0131n g\u00fcndeminden d\u00fc\u015fmeyen S\u00fcper Kupa finaline ili\u015fkin \u015eanl\u0131urfa Valisi Hasan \u015e\u0131ldak a\u00e7\u0131klamalarda bulundu.<\/p>\n\n\n\n<p>Yapt\u0131\u011f\u0131 a\u00e7\u0131klamada Vali \u015e\u0131ldak, Galatasaray ile Fenerbah\u00e7e aras\u0131nda 7 Nisan&#8217;da \u015eanl\u0131urfa&#8217;da oynanacak 2023 Turkcell S\u00fcper Kupa ma\u00e7\u0131 haz\u0131rl\u0131klar\u0131na ba\u015flad\u0131klar\u0131n\u0131 bildirdi.<\/p>\n\n\n\n<p><strong>\u015eANLIURFA S\u00dcPER KUPA HEYECANINA HAZIR<\/strong><\/p>\n\n\n\n<p>\u015e\u0131ldak, T\u00fcrkiye Futbol Federasyonu&#8217;nun \u015eanl\u0131urfa&#8217;ya S\u00fcper Kupa finalini vermesinin b\u00fcy\u00fck bir moral ve heyecan kayna\u011f\u0131 oldu\u011funu s\u00f6yledi. 11 Nisan Stadyumu&#8217;nun k\u0131sa bir s\u00fcre \u00f6nce yenilenen trib\u00fcnleri ve 26 bin seyirci kapasitesiyle FIFA standartlar\u0131na uygun oldu\u011funu belirten \u015e\u0131ldak, ma\u00e7 \u00f6ncesi ihtiya\u00e7 duyulan baz\u0131 bak\u0131m ve onar\u0131m \u00e7al\u0131\u015fmalar\u0131n\u0131n da h\u0131zl\u0131ca tamamlanaca\u011f\u0131n\u0131 kaydetti.<\/p>\n\n\n\n<p><strong>EK U\u00c7AK SEFERLER\u0130 VE KONAKLAMA<\/strong><\/p>\n\n\n\n<p>Vali \u015e\u0131ldak, S\u00fcper Kupa finali i\u00e7in ek u\u00e7ak seferleri d\u00fczenlenmesi i\u00e7in g\u00f6r\u00fc\u015fmelerin ba\u015flad\u0131\u011f\u0131n\u0131 da a\u00e7\u0131klad\u0131. Ma\u00e7\u0131 izlemek i\u00e7in \u015eanl\u0131urfa&#8217;ya gelecek sporseverlerin konaklamas\u0131 i\u00e7in otellerin yan\u0131 s\u0131ra kamu tesislerinin de tam kapasiteyle haz\u0131r olaca\u011f\u0131n\u0131 bildirdi.<\/p>\n\n\n\n<p><strong>\u015eANLIURFA&#8217;NIN POTANS\u0130YEL\u0130<\/strong><\/p>\n\n\n\n<p>\u015e\u0131ldak, S\u00fcper Kupa finalinin \u015eanl\u0131urfa i\u00e7in b\u00fcy\u00fck bir kazan\u0131m oldu\u011funu ve \u015fehrin bu t\u00fcr organizasyonlar\u0131 yapabilme kabiliyetini ve potansiyelini bir kez daha g\u00f6sterece\u011fini vurgulad\u0131. 2010 y\u0131l\u0131nda T\u00fcrkiye Kupas\u0131 finaline ev sahipli\u011fi yapan \u015eanl\u0131urfa&#8217;n\u0131n, S\u00fcper Kupa finaliyle de bu alandaki ba\u015far\u0131s\u0131n\u0131 ta\u00e7land\u0131rmak istedi\u011fini ifade etti.<\/p>\n\n\n\n<p><strong>TUR\u0130ZM VE EKONOM\u0130YE KATKI<\/strong><\/p>\n\n\n\n<p>Vali \u015e\u0131ldak, S\u00fcper Kupa finalinin \u015eanl\u0131urfa&#8217;n\u0131n turizmi ve ekonomisine de \u00f6nemli katk\u0131 sa\u011flayaca\u011f\u0131na inand\u0131\u011f\u0131n\u0131 s\u00f6yledi. Ma\u00e7\u0131n heyecan\u0131n\u0131 ya\u015famak i\u00e7in \u015eanl\u0131urfa&#8217;ya gelecek sporseverlerin kentin tarihi ve k\u00fclt\u00fcrel zenginliklerini de ke\u015ffetme imkan\u0131 bulacaklar\u0131n\u0131 kaydetti.<\/p>\n\n\n\n<p>AA<\/p>\n","protected":false},"excerpt":{"rendered":"<p>\u015eanl\u0131urfa Valisi Hasan \u015e\u0131ldak, Galatasaray ile Fenerbah\u00e7e aras\u0131nda 7 Nisan&#8217;da \u015eanl\u0131urfa&#8217;da 11 Nisan stadyumunda oynanacak olan&#46;&#46;&#46;<\/p>\n","protected":false},"author":2,"featured_media":12292,"comment_status":"open","ping_status":"open","sticky":false,"template":"","format":"standard","meta":{"inline_featured_image":false,"footnotes":""},"categories":[88],"tags":[3687,3688,131,3689,3690,107,93],"manset":[],"class_list":["post-12290","post","type-post","status-publish","format-standard","has-post-thumbnail","hentry","category-spor-haberleri","tag-ek-ucak-seferleri-duzenlenecek-urfa-valisinden-super-kupa-aciklamasi","tag-fenerbahce-2","tag-son-dakika","tag-super-kupa-2","tag-super-kupa-urfada","tag-ub","tag-ust"],"_links":{"self":[{"href":"https:\/\/www.urfabugun.com\/index.php\/wp-json\/wp\/v2\/posts\/12290","targetHints":{"allow":["GET"]}}],"collection":[{"href":"https:\/\/www.urfabugun.com\/index.php\/wp-json\/wp\/v2\/posts"}],"about":[{"href":"https:\/\/www.urfabugun.com\/index.php\/wp-json\/wp\/v2\/types\/post"}],"author":[{"embeddable":true,"href":"https:\/\/www.urfabugun.com\/index.php\/wp-json\/wp\/v2\/users\/2"}],"replies":[{"embeddable":true,"href":"https:\/\/www.urfabugun.com\/index.php\/wp-json\/wp\/v2\/comments?post=12290"}],"version-history":[{"count":0,"href":"https:\/\/www.urfabugun.com\/index.php\/wp-json\/wp\/v2\/posts\/12290\/revisions"}],"wp:featuredmedia":[{"embeddable":true,"href":"https:\/\/www.urfabugun.com\/index.php\/wp-json\/wp\/v2\/media\/12292"}],"wp:attachment":[{"href":"https:\/\/www.urfabugun.com\/index.php\/wp-json\/wp\/v2\/media?parent=12290"}],"wp:term":[{"taxonomy":"category","embeddable":true,"href":"https:\/\/www.urfabugun.com\/index.php\/wp-json\/wp\/v2\/categories?post=12290"},{"taxonomy":"post_tag","embeddable":true,"href":"https:\/\/www.urfabugun.com\/index.php\/wp-json\/wp\/v2\/tags?post=12290"},{"taxonomy":"manset","embeddable":true,"href":"https:\/\/www.urfabugun.com\/index.php\/wp-json\/wp\/v2\/manset?post=12290"}],"curies":[{"name":"wp","href":"https:\/\/api.w.org\/{rel}","templated":true}]}}