{"id":12294,"date":"2024-02-24T17:56:21","date_gmt":"2024-02-24T14:56:21","guid":{"rendered":"https:\/\/www.urfabugun.com\/?p=12294"},"modified":"2024-02-24T17:56:27","modified_gmt":"2024-02-24T14:56:27","slug":"mehmet-ekincinin-secim-burosu-acilisi-mitinge-donustu","status":"publish","type":"post","link":"https:\/\/www.urfabugun.com\/index.php\/2024\/02\/24\/mehmet-ekincinin-secim-burosu-acilisi-mitinge-donustu\/","title":{"rendered":"Mehmet Ekinci&#8217;nin Se\u00e7im B\u00fcrosu A\u00e7\u0131l\u0131\u015f\u0131 Mitinge D\u00f6n\u00fc\u015ft\u00fc!"},"content":{"rendered":"\n<p><\/p>\n\n\n\n<p>Yeniden Refah Partisi ( YRP) Eyy\u00fcbiye Belediye Ba\u015fkan Aday\u0131 Mehmet Ekinci&#8217;nin&nbsp; se\u00e7im \u0130rtibat B\u00fcrosu&#8217;nun a\u00e7\u0131l\u0131\u015f\u0131, yo\u011fun kat\u0131l\u0131m nedeniyle adeta mitinge d\u00f6n\u00fc\u015ft\u00fc. A\u00e7\u0131l\u0131\u015f t\u00f6renine vatanda\u015flar yo\u011fun ilgi g\u00f6sterdi.<\/p>\n\n\n\n<p>31 Mart Yerel Se\u00e7imlerinde\u00a0YRP&#8217;nin Eyy\u00fcbiye Belediye Ba\u015fkan Aday\u0131 olarak g\u00f6sterilen Mehmet Ekinci&#8217;nin , se\u00e7menleri ile bulu\u015faca\u011f\u0131 se\u00e7im b\u00fcrosu\u2019nun a\u00e7\u0131l\u0131\u015f\u0131, muhte\u015fem bir kat\u0131l\u0131mla yap\u0131ld\u0131.\u00a0Eyy\u00fcbiye halk\u0131 yo\u011fun ilgi g\u00f6sterdi.<\/p>\n\n\n\n<figure class=\"wp-block-image size-large\"><img loading=\"lazy\" decoding=\"async\" width=\"1024\" height=\"576\" src=\"https:\/\/www.urfabugun.com\/wp-content\/uploads\/2024\/02\/f79b67a1-6d04-4c5b-b5f7-37d968270ee6-1024x576.jpg\" alt=\"\" class=\"wp-image-12298\"\/><\/figure>\n\n\n\n<p><strong>YO\u011eUN KATILIM NEDEN\u0130YLE A\u00c7ILI\u015e ADETA M\u0130T\u0130NGE D\u00d6N\u00dc\u015eT\u00dc<\/strong><\/p>\n\n\n\n<p>Se\u00e7im \u00e7al\u0131\u015fmalar\u0131n\u0131 k\u0131rsal mahallelerde bulunan kanaat \u00f6nderleri ve mahalle muhtarlar\u0131ndan ald\u0131\u011f\u0131 destekle s\u00fcrd\u00fcren Mehmet Ekinci&#8217;nin Se\u00e7im B\u00fcrosu a\u00e7\u0131l\u0131\u015f\u0131na; Yeniden Refah Partisi \u015eanl\u0131urfa B\u00fcy\u00fck\u015fehir Belediye Ba\u015fkan Aday\u0131 Mehmet Kas\u0131m G\u00fclp\u0131nar, Karak\u00f6pr\u00fc Belediye Ba\u015fkan Aday\u0131 Av. Nihat \u00c7ift\u00e7i,Ak\u00e7akale Belediye Ba\u015fkan aday\u0131 Mehmet Yal\u00e7\u0131nkaya,\u0130l Ba\u015fkan\u0131 Ahmet Yetimo\u011flu,Eyy\u00fcbiye \u0130l\u00e7e Ba\u015fkan\u0131 \u0130brahim K\u0131l\u0131\u00e7 ,YRP Eyy\u00fcbiye Belediye Meclis adaylar\u0131&nbsp; mahalle muhtarlar\u0131 ve vatanda\u015flar\u0131n kat\u0131l\u0131m\u0131yla ger\u00e7ekle\u015fen se\u00e7im b\u00fcrosunun a\u00e7\u0131l\u0131\u015f\u0131, miting havas\u0131nda ger\u00e7ekle\u015fti.<\/p>\n\n\n\n<p>Program da ilk konu\u015fmay\u0131 Yeniden Refah Partisi \u015eanl\u0131urfa \u0130l Ba\u015fkan\u0131 Ahmet Yetimo\u011flu yapt\u0131. Yetimo\u011flu&#8217;nun ard\u0131ndan konu\u015fan Eyy\u00fcbiye Belediye Ba\u015fkan Aday\u0131 Mehmet Ekinci, konu\u015fmas\u0131nda; Memleket isterim \u015fiirini okuyarak ba\u015flaysrak ba\u015flad\u0131.Ekinci ,2014 y\u0131l\u0131nda bu \u015fiirle ba\u015flam\u0131\u015ft\u0131k siyaset yolculu\u011fumuza 2014 y\u0131l\u0131nda halk\u0131n istedi\u011fi adaylar g\u00f6sterildi\u011finde bu \u015fiirle ba\u015flam\u0131\u015ft\u0131k. Ve \u00e7ok h\u0131zl\u0131 bir \u015fekilde se\u00e7im \u00e7al\u0131\u015fmalar\u0131m\u0131z\u0131 girdikten sonra elhamd\u00fclillah bu \u015fiirdeki talepler ne ise bir bir yerine getirmek i\u00e7in u\u011fra\u015f verdik.<\/p>\n\n\n\n<figure class=\"wp-block-image size-large\"><img loading=\"lazy\" decoding=\"async\" width=\"1024\" height=\"576\" src=\"https:\/\/www.urfabugun.com\/wp-content\/uploads\/2024\/02\/2b3fc0f6-33cf-4848-ab58-59b953a9c600-1024x576.jpg\" alt=\"\" class=\"wp-image-12297\"\/><\/figure>\n\n\n\n<p>2014 y\u0131l\u0131nda belediye ba\u015fkan\u0131 oldu\u011fumuzda bir hafta boyunca araba ile dola\u015ft\u0131k. Oturacak yerimiz yoktu. Sandalyemiz yoktu. Bir hafta sonra 7 tane makam\u0131 olan birisinden izinsiz bir hafta sonu mecbur kalarak o kap\u0131y\u0131 a\u00e7t\u0131k ve hizmetlere ba\u015flad\u0131k.<\/p>\n\n\n\n<p>Belediyenin kurumsal yap\u0131s\u0131n\u0131 oturmak i\u00e7in h\u0131zl\u0131ca \u00e7aba g\u00f6sterdik. Bir taraftan kurumsal yap\u0131y\u0131 otururken di\u011fer taraf\u0131ndan da insanlar\u0131m\u0131z\u0131n bekledi\u011fi hizmetleri sunmaya \u00e7al\u0131\u015ft\u0131k. \u00c7ok k\u0131ymetli bir siyasimiz o d\u00f6nem bizim hizmetlerle ilgili sab\u0131rs\u0131zl\u0131\u011f\u0131m\u0131z\u0131 g\u00f6r\u00fcnce \u015funu ifade etmi\u015fti. Mehmet Bey 5 y\u0131l \u00e7ok uzun bir s\u00fcre bence hizmetleri son y\u0131la b\u0131rak demi\u015fti.<\/p>\n\n\n\n<figure class=\"wp-block-image size-large\"><img loading=\"lazy\" decoding=\"async\" width=\"1024\" height=\"576\" src=\"https:\/\/www.urfabugun.com\/wp-content\/uploads\/2024\/02\/272862d6-e34d-4786-aea9-fc97f876fcac-1024x576.jpg\" alt=\"\" class=\"wp-image-12296\"\/><\/figure>\n\n\n\n<p>Ona cevab\u0131m\u0131z zaten Eyy\u00fcbiye yeterince ertelenmi\u015fti, \u00f6tekile\u015ftirilmi\u015fti bizim 1 saat bekleyecek zaman\u0131m\u0131z yok demi\u015ftim. K\u0131rsaldan kent merkezine kadar hizmetlere ba\u015flad\u0131k. Neler mi yapt\u0131k. Ba\u015fl\u0131k halinde sunaca\u011f\u0131z. Eyy\u00fcbiye il\u00e7emizde geni\u015f ailelerin oldu\u011fu bir il\u00e7e misafirlerin a\u011f\u0131rlanabilece\u011fi sevin\u00e7li ve h\u00fcz\u00fcnl\u00fc g\u00fcnlerinde bir araya gelebilece\u011fi bir alanlar\u0131 yoktu.<\/p>\n\n\n\n<p>K\u0131rsalda 130 adet \u015fehir merkezinde 30 &#8216;a yak\u0131n sosyal ve k\u00fclt\u00fcrel tesis a\u00e7arak hizmetlerine sunduk. Akabinde ne mi yapt\u0131k. Konut \u00fcreten tek belediye o zaman bizdik. 837 konut projenin 287 komutunu bitirdik.<\/p>\n\n\n\n<p>Bunlar\u0131 rezerve konut diye \u00fcrettik ki Eyy\u00fcbiye&#8217;de onunda hakk\u0131 g\u00fczel mekanlarda oturmak.B\u00fct\u00fcn k\u00f6y i\u00e7lerini malzemeler ile d\u00f6\u015fedik. Ne mi yapt\u0131k rezerv alan \u00fcrettik. Eyy\u00fcbiye&#8217;nin gelece\u011fini sa\u011flam temeller \u00fczerine oturtmak ad\u0131na.<\/p>\n\n\n\n<p>Ne mi yapt\u0131k Cenap G\u00fclp\u0131nar Park\u0131 ba\u015fta olmak \u00fczere, Salih \u00d6zcan park\u0131 Necmettin Cevheri Park\u0131n\u0131 a\u00e7t\u0131k. Ve dolays\u0131yla Eyy\u00fcbiye de ye\u015fil alan miktat\u0131m\u0131z\u0131 iki kat\u0131na \u00e7\u0131kartt\u0131k. B\u00fct\u00fcn parklar\u0131m\u0131z\u0131 kent mobilyalar\u0131m\u0131z ile d\u00f6\u015fedik. Spor malzemelerimizi koyduk ki insanlar\u0131m\u0131z orada rahat rahat spor yapabilsin diye. &#8220;\u0130fadelerini kulland\u0131.<\/p>\n\n\n\n<p>Yeniden Refah Partisi \u015eanl\u0131urfa B\u00fcy\u00fck\u015fehir Belediye Ba\u015fkan Aday\u0131 Mehmet Kas\u0131m G\u00fclp\u0131nar&#8217;\u0131n konu\u015fmas\u0131n\u0131n ard\u0131ndan program son buldu.<\/p>\n","protected":false},"excerpt":{"rendered":"<p>Yeniden Refah Partisi ( YRP) Eyy\u00fcbiye Belediye Ba\u015fkan Aday\u0131 Mehmet Ekinci&#8217;nin&nbsp; se\u00e7im \u0130rtibat B\u00fcrosu&#8217;nun a\u00e7\u0131l\u0131\u015f\u0131, yo\u011fun&#46;&#46;&#46;<\/p>\n","protected":false},"author":2,"featured_media":12299,"comment_status":"open","ping_status":"open","sticky":false,"template":"","format":"standard","meta":{"inline_featured_image":false,"footnotes":""},"categories":[82],"tags":[3668,3691,131,107,3692],"manset":[],"class_list":["post-12294","post","type-post","status-publish","format-standard","has-post-thumbnail","hentry","category-gundem-haberleri","tag-mehmet-ekinci","tag-mehmet-ekincinin-secim-burosu-acilisi-mitinge-donustu","tag-son-dakika","tag-ub","tag-yenden-refah-eyyubiye"],"_links":{"self":[{"href":"https:\/\/www.urfabugun.com\/index.php\/wp-json\/wp\/v2\/posts\/12294","targetHints":{"allow":["GET"]}}],"collection":[{"href":"https:\/\/www.urfabugun.com\/index.php\/wp-json\/wp\/v2\/posts"}],"about":[{"href":"https:\/\/www.urfabugun.com\/index.php\/wp-json\/wp\/v2\/types\/post"}],"author":[{"embeddable":true,"href":"https:\/\/www.urfabugun.com\/index.php\/wp-json\/wp\/v2\/users\/2"}],"replies":[{"embeddable":true,"href":"https:\/\/www.urfabugun.com\/index.php\/wp-json\/wp\/v2\/comments?post=12294"}],"version-history":[{"count":0,"href":"https:\/\/www.urfabugun.com\/index.php\/wp-json\/wp\/v2\/posts\/12294\/revisions"}],"wp:featuredmedia":[{"embeddable":true,"href":"https:\/\/www.urfabugun.com\/index.php\/wp-json\/wp\/v2\/media\/12299"}],"wp:attachment":[{"href":"https:\/\/www.urfabugun.com\/index.php\/wp-json\/wp\/v2\/media?parent=12294"}],"wp:term":[{"taxonomy":"category","embeddable":true,"href":"https:\/\/www.urfabugun.com\/index.php\/wp-json\/wp\/v2\/categories?post=12294"},{"taxonomy":"post_tag","embeddable":true,"href":"https:\/\/www.urfabugun.com\/index.php\/wp-json\/wp\/v2\/tags?post=12294"},{"taxonomy":"manset","embeddable":true,"href":"https:\/\/www.urfabugun.com\/index.php\/wp-json\/wp\/v2\/manset?post=12294"}],"curies":[{"name":"wp","href":"https:\/\/api.w.org\/{rel}","templated":true}]}}