{"id":12372,"date":"2024-02-26T08:34:06","date_gmt":"2024-02-26T05:34:06","guid":{"rendered":"https:\/\/www.urfabugun.com\/?p=12372"},"modified":"2024-02-26T08:34:12","modified_gmt":"2024-02-26T05:34:12","slug":"sanliurfada-hava-durumu-nasil-olacak","status":"publish","type":"post","link":"https:\/\/www.urfabugun.com\/index.php\/2024\/02\/26\/sanliurfada-hava-durumu-nasil-olacak\/","title":{"rendered":"\u015eanl\u0131urfa&#8217;da Hava Durumu Nas\u0131l Olacak?"},"content":{"rendered":"\n<p><\/p>\n\n\n\n<p><strong>Meteoroloji Genel M\u00fcd\u00fcrl\u00fc\u011f\u00fc \u015eanl\u0131urfa\u2019n\u0131n 26-27-28-29 \u015eubat ve 1 Mart tarihleri aras\u0131ndaki hava durumuna ili\u015fkin verileri payla\u015ft\u0131.<\/strong><\/p>\n\n\n\n<p>\u0130\u015fte meteorolojinin hava durumu tahminleri\u2026<\/p>\n\n\n\n<p><strong>26 \u015eUBAT PAZARTES\u0130 G\u00dcN\u00dc HAVA DURUMU:<\/strong><\/p>\n\n\n\n<p>Hava par\u00e7al\u0131 bulutlu olacak. En y\u00fcksek s\u0131cakl\u0131k 13 derece olacak, en d\u00fc\u015f\u00fck s\u0131cakl\u0131k ise 6 derece olarak tahmin ediliyor.<\/p>\n\n\n\n<p><strong>27 \u015eUBAT SALI G\u00dcN\u00dc HAVA DURUMU:<\/strong><\/p>\n\n\n\n<p>&nbsp;En y\u00fcksek s\u0131cakl\u0131k 13 derece olacak, en d\u00fc\u015f\u00fck s\u0131cakl\u0131k ise 6 derece olaca\u011f\u0131 havan\u0131n az bulutlu olaca\u011f\u0131 tahmin ediliyor.<\/p>\n\n\n\n<p><strong>28 \u015eUBAT \u00c7AR\u015eAMBA HAVA DURUMU:<\/strong><\/p>\n\n\n\n<p>En y\u00fcksek s\u0131cakl\u0131k 15 derece olacak, en d\u00fc\u015f\u00fck s\u0131cakl\u0131k ise 4 derece havan\u0131n az bulutlu olaca\u011f\u0131 tahmin ediliyor.<\/p>\n\n\n\n<p><strong>29 \u015eUBAT PER\u015eEMBE HAVA DURUMU:<\/strong><\/p>\n\n\n\n<p>En y\u00fcksek s\u0131cakl\u0131k 16 derece olacak, en d\u00fc\u015f\u00fck s\u0131cakl\u0131k ise 5 derece havan\u0131naz bulutlu olaca\u011f\u0131 tahmin ediliyor.<\/p>\n\n\n\n<p><strong>1 MART CUMA HAVA DURUMU:<\/strong><\/p>\n\n\n\n<p>En y\u00fcksek s\u0131cakl\u0131k 16 derece olacak, en d\u00fc\u015f\u00fck s\u0131cakl\u0131k ise 5 derece havan\u0131n az bulutlu olaca\u011f\u0131 tahmin ediliyor<\/p>\n","protected":false},"excerpt":{"rendered":"<p>Meteoroloji Genel M\u00fcd\u00fcrl\u00fc\u011f\u00fc \u015eanl\u0131urfa\u2019n\u0131n 26-27-28-29 \u015eubat ve 1 Mart tarihleri aras\u0131ndaki hava durumuna ili\u015fkin verileri payla\u015ft\u0131.&#46;&#46;&#46;<\/p>\n","protected":false},"author":2,"featured_media":12374,"comment_status":"open","ping_status":"open","sticky":false,"template":"","format":"standard","meta":{"inline_featured_image":false,"footnotes":""},"categories":[92],"tags":[118,3715,131,107,93],"manset":[],"class_list":["post-12372","post","type-post","status-publish","format-standard","has-post-thumbnail","hentry","category-yasam-haberleri","tag-sanliurfa","tag-sanliurfada-hava-durumu-nasil-olacak","tag-son-dakika","tag-ub","tag-ust"],"_links":{"self":[{"href":"https:\/\/www.urfabugun.com\/index.php\/wp-json\/wp\/v2\/posts\/12372","targetHints":{"allow":["GET"]}}],"collection":[{"href":"https:\/\/www.urfabugun.com\/index.php\/wp-json\/wp\/v2\/posts"}],"about":[{"href":"https:\/\/www.urfabugun.com\/index.php\/wp-json\/wp\/v2\/types\/post"}],"author":[{"embeddable":true,"href":"https:\/\/www.urfabugun.com\/index.php\/wp-json\/wp\/v2\/users\/2"}],"replies":[{"embeddable":true,"href":"https:\/\/www.urfabugun.com\/index.php\/wp-json\/wp\/v2\/comments?post=12372"}],"version-history":[{"count":0,"href":"https:\/\/www.urfabugun.com\/index.php\/wp-json\/wp\/v2\/posts\/12372\/revisions"}],"wp:featuredmedia":[{"embeddable":true,"href":"https:\/\/www.urfabugun.com\/index.php\/wp-json\/wp\/v2\/media\/12374"}],"wp:attachment":[{"href":"https:\/\/www.urfabugun.com\/index.php\/wp-json\/wp\/v2\/media?parent=12372"}],"wp:term":[{"taxonomy":"category","embeddable":true,"href":"https:\/\/www.urfabugun.com\/index.php\/wp-json\/wp\/v2\/categories?post=12372"},{"taxonomy":"post_tag","embeddable":true,"href":"https:\/\/www.urfabugun.com\/index.php\/wp-json\/wp\/v2\/tags?post=12372"},{"taxonomy":"manset","embeddable":true,"href":"https:\/\/www.urfabugun.com\/index.php\/wp-json\/wp\/v2\/manset?post=12372"}],"curies":[{"name":"wp","href":"https:\/\/api.w.org\/{rel}","templated":true}]}}