{"id":12398,"date":"2024-02-26T19:05:41","date_gmt":"2024-02-26T16:05:41","guid":{"rendered":"https:\/\/www.urfabugun.com\/?p=12398"},"modified":"2024-02-26T19:05:48","modified_gmt":"2024-02-26T16:05:48","slug":"osmanli-anadolu-ocaklari-derneginden-mehmet-ekinciye-tam-destek","status":"publish","type":"post","link":"https:\/\/www.urfabugun.com\/index.php\/2024\/02\/26\/osmanli-anadolu-ocaklari-derneginden-mehmet-ekinciye-tam-destek\/","title":{"rendered":"Osmanl\u0131 Anadolu Ocaklar\u0131 Derne\u011finden Mehmet Ekinci&#8217;ye Tam Destek!"},"content":{"rendered":"\n<p><\/p>\n\n\n\n<p><strong>Se\u00e7im \u00e7al\u0131\u015fmalar\u0131n\u0131 s\u00fcrd\u00fcren Yeniden Refah Partisi (YRP) Eyy\u00fcbiye Belediye Ba\u015fkan Aday\u0131 Mehmet Ekinci, 18 bin resmi \u00fcyesi bulunan Osmanl\u0131 Anadolu Ocaklar\u0131 Derne\u011fini ziyaret ederek, Genel Ba\u015fkan Mehmet Hanif B\u00fcl\u00fcktimur ve y\u00f6netim kurulu \u00fcyeleri ile bir araya geldi.<\/strong><\/p>\n\n\n\n<p>31 Mart&#8217;ta yap\u0131lacak olan yerel se\u00e7im \u00e7al\u0131\u015fmalar\u0131n\u0131 s\u00fcrd\u00fcren Yeniden Refah Partisi ( YRP) Eyy\u00fcbiye Belediye Ba\u015fkan Aday\u0131 Mehmet Ekinci, 18 bin resmi \u00fcyesi bulunan Osmanl\u0131 Anadolu Ocaklar\u0131 Derne\u011fini ziyaret ederek, Genel Ba\u015fkan Mehmet Hanif B\u00fcl\u00fcktimur ve y\u00f6netim kurulu \u00fcyeleri ile bir araya geldi.<\/p>\n\n\n\n<p>Yeniden Refah Partisi ( YRP) Eyy\u00fcbiye Belediye Ba\u015fkan Aday\u0131 Mehmet Ekinci, 31 Mart 2024 Mahalli \u0130dareler Genel Se\u00e7imi \u00f6ncesi vatanda\u015f, esnaf, STK ve dernek ziyaretleri ile Eyy\u00fcbiyeli vatanda\u015flar\u0131n g\u00f6nl\u00fcnde taht kurdu.<\/p>\n\n\n\n<figure class=\"wp-block-image size-large\"><img loading=\"lazy\" decoding=\"async\" width=\"1024\" height=\"768\" src=\"https:\/\/www.urfabugun.com\/wp-content\/uploads\/2024\/02\/8207d36f-9001-440e-9807-98a659c68045-1024x768.jpg\" alt=\"\" class=\"wp-image-12401\"\/><\/figure>\n\n\n\n<p>Genel Ba\u015fkan Mehmet Hanif B\u00fcl\u00fcktimur ve Dernek \u00fcyelerinin tevecc\u00fchleriyle kar\u015f\u0131lanan Mehmet Ekinci, Ba\u015fkanl\u0131\u011f\u0131 d\u00f6neminde Eyy\u00fcbiye\u2019de 5 y\u0131lda yap\u0131lan \u00e7al\u0131\u015fmalar\u0131 aktar\u0131rken 31 Mart se\u00e7imlerinde se\u00e7ildi\u011fi takdirde yap\u0131lmas\u0131 planlanan projeler hakk\u0131nda da bilgiler payla\u015ft\u0131.<\/p>\n\n\n\n<p>Dernek \u00fcyelerinin talep ve \u00f6nerilerini de dinleyen Mehmet Ekinci, misafirperverlikleri ve ilgileri nedeniyle dernek y\u00f6neticilerine te\u015fekk\u00fcr etti.<\/p>\n\n\n\n<p>Genel Ba\u015fkan Mehmet Hanif B\u00fcl\u00fcktimur ve Dernek \u00fcyeleri Yeniden Refah Partisi\u2019ne ge\u00e7me karar\u0131 ald\u0131.Genel Ba\u015fkan B\u00fcl\u00fcktimur\u2019un ve \u00fcyelerin rozetlerini Yeniden Refah Partisi ( YRP) Eyy\u00fcbiye Belediye Ba\u015fkan Aday\u0131 Mehmet Ekinci takt\u0131.<\/p>\n\n\n\n<figure class=\"wp-block-image size-large\"><img loading=\"lazy\" decoding=\"async\" width=\"768\" height=\"1024\" src=\"https:\/\/www.urfabugun.com\/wp-content\/uploads\/2024\/02\/52566ef0-7198-4edb-a9d4-453457ada7b7-768x1024.jpg\" alt=\"\" class=\"wp-image-12402\"\/><\/figure>\n","protected":false},"excerpt":{"rendered":"<p>Se\u00e7im \u00e7al\u0131\u015fmalar\u0131n\u0131 s\u00fcrd\u00fcren Yeniden Refah Partisi (YRP) Eyy\u00fcbiye Belediye Ba\u015fkan Aday\u0131 Mehmet Ekinci, 18 bin resmi&#46;&#46;&#46;<\/p>\n","protected":false},"author":2,"featured_media":12400,"comment_status":"open","ping_status":"open","sticky":false,"template":"","format":"standard","meta":{"inline_featured_image":false,"footnotes":""},"categories":[82],"tags":[3668,3719,118,131],"manset":[],"class_list":["post-12398","post","type-post","status-publish","format-standard","has-post-thumbnail","hentry","category-gundem-haberleri","tag-mehmet-ekinci","tag-osmanli-anadolu-ocaklari-derneginden-mehmet-ekinciye-tam-destek","tag-sanliurfa","tag-son-dakika"],"_links":{"self":[{"href":"https:\/\/www.urfabugun.com\/index.php\/wp-json\/wp\/v2\/posts\/12398","targetHints":{"allow":["GET"]}}],"collection":[{"href":"https:\/\/www.urfabugun.com\/index.php\/wp-json\/wp\/v2\/posts"}],"about":[{"href":"https:\/\/www.urfabugun.com\/index.php\/wp-json\/wp\/v2\/types\/post"}],"author":[{"embeddable":true,"href":"https:\/\/www.urfabugun.com\/index.php\/wp-json\/wp\/v2\/users\/2"}],"replies":[{"embeddable":true,"href":"https:\/\/www.urfabugun.com\/index.php\/wp-json\/wp\/v2\/comments?post=12398"}],"version-history":[{"count":0,"href":"https:\/\/www.urfabugun.com\/index.php\/wp-json\/wp\/v2\/posts\/12398\/revisions"}],"wp:featuredmedia":[{"embeddable":true,"href":"https:\/\/www.urfabugun.com\/index.php\/wp-json\/wp\/v2\/media\/12400"}],"wp:attachment":[{"href":"https:\/\/www.urfabugun.com\/index.php\/wp-json\/wp\/v2\/media?parent=12398"}],"wp:term":[{"taxonomy":"category","embeddable":true,"href":"https:\/\/www.urfabugun.com\/index.php\/wp-json\/wp\/v2\/categories?post=12398"},{"taxonomy":"post_tag","embeddable":true,"href":"https:\/\/www.urfabugun.com\/index.php\/wp-json\/wp\/v2\/tags?post=12398"},{"taxonomy":"manset","embeddable":true,"href":"https:\/\/www.urfabugun.com\/index.php\/wp-json\/wp\/v2\/manset?post=12398"}],"curies":[{"name":"wp","href":"https:\/\/api.w.org\/{rel}","templated":true}]}}