{"id":12404,"date":"2024-02-26T19:34:12","date_gmt":"2024-02-26T16:34:12","guid":{"rendered":"https:\/\/www.urfabugun.com\/?p=12404"},"modified":"2024-02-26T19:34:22","modified_gmt":"2024-02-26T16:34:22","slug":"nihat-ciftci-projeleriyle-karakopruye-deger-katacak","status":"publish","type":"post","link":"https:\/\/www.urfabugun.com\/index.php\/2024\/02\/26\/nihat-ciftci-projeleriyle-karakopruye-deger-katacak\/","title":{"rendered":"Nihat \u00c7ift\u00e7i, Projeleriyle Karak\u00f6pr\u00fc\u2019ye De\u011fer Katacak!"},"content":{"rendered":"\n<p><\/p>\n\n\n\n<p><strong>Yeniden Refah Partisi \u015eanl\u0131urfa Karak\u00f6pr\u00fc Belediye Ba\u015fkan Aday\u0131 Av. Nihat \u00c7ift\u00e7i yapaca\u011f\u0131 projelerle yediden yetmi\u015fe herkesin hayat\u0131na dokunmay\u0131 hedefliyor.<\/strong><\/p>\n\n\n\n<p>Belediyecilik anlam\u0131nda \u015eanl\u0131urfa\u2019da en deneyimli isimlerden biri olan Ba\u015fkan Aday\u0131 Nihat \u00c7ift\u00e7i, Karak\u00f6pr\u00fc Belediye Ba\u015fkanl\u0131\u011f\u0131 se\u00e7im \u00f6ncesi Karak\u00f6pr\u00fc\u2019l\u00fclerin ya\u015fam standartlar\u0131n y\u00fckseltmek i\u00e7in bir\u00e7ok alanda projeler haz\u0131rlad\u0131.<\/p>\n\n\n\n<figure class=\"wp-block-image size-large\"><img loading=\"lazy\" decoding=\"async\" width=\"1024\" height=\"1024\" src=\"https:\/\/www.urfabugun.com\/wp-content\/uploads\/2024\/02\/02b97a20-3d57-4efe-8325-3f28ea2b2365-1024x1024.jpg\" alt=\"\" class=\"wp-image-12407\"\/><\/figure>\n\n\n\n<p><strong>KADINLARA B\u00dcY\u00dcK KOLAYLIKLAR GEL\u0130YOR<\/strong><\/p>\n\n\n\n<p>Yeniden Refah Partisi Karak\u00f6pr\u00fc Belediye Ba\u015fkan Aday\u0131 Nihat \u00c7ift\u00e7i\u2019nin Karak\u00f6pr\u00fc\u2019de hayata ge\u00e7irmek istedi\u011fi projeler i\u00e7inde, kad\u0131nlara y\u00f6nelik bir\u00e7ok proje var. Sebze Seralar\u0131 Projesi ve Paketleme Tesisi Projeleri\u2019nde istihdam edilecek kadrolar\u0131n kad\u0131nlardan se\u00e7ilmesi planlan\u0131yor. Bunun yan\u0131nda Bebek Sa\u011fl\u0131k Tarama Projesi ve Kre\u015f Deste\u011fi Projeleri de direkt olarak kad\u0131nlar\u0131n ya\u015famlar\u0131na \u00f6nemli \u00f6l\u00e7\u00fcde katk\u0131 sunuyor.&nbsp;<\/p>\n\n\n\n<p><strong>GEN\u00c7LER REFAHA KAVU\u015eACAK<\/strong><\/p>\n\n\n\n<p>Nihat \u00c7ift\u00e7i\u2019nin gen\u00e7ler i\u00e7inde \u00f6nemli projeleri var. \u00d6ncelikle e\u011fitim g\u00f6ren \u00f6\u011frencilerin okullar\u0131 Nihat \u00c7ift\u00e7i d\u00f6neminde daha ye\u015fil ve daha g\u00fcvenli olacak. Okul Ya\u015fam Projesi ile okul bah\u00e7elerinin temizli\u011fi, peyzaj\u0131 ve g\u00fcvenli\u011fine sunulacak katk\u0131 ile \u00f6\u011frenciler daha g\u00fczel ko\u015fullarda e\u011fitim alma f\u0131rsat\u0131 bulacak. Bunun yan\u0131nda Okullar aras\u0131 yar\u0131\u015fmalar, Karak\u00f6pr\u00fc Yaz\u0131yor Projeleri ve Kurs Merkezleri Projeleri ile \u00f6\u011frenciler motive bir e\u011fitim al\u0131rken, \u0130novasyon Projesi ile e\u011fitim s\u00fcreci sonras\u0131 fikri projelerine maddi destek bulabilecek.<\/p>\n\n\n\n<figure class=\"wp-block-image size-large\"><img loading=\"lazy\" decoding=\"async\" width=\"1024\" height=\"575\" src=\"https:\/\/www.urfabugun.com\/wp-content\/uploads\/2024\/02\/4a6d5b4c-2c1b-4474-a76a-844272cda5cd-1024x575.jpg\" alt=\"\" class=\"wp-image-12408\"\/><\/figure>\n\n\n\n<p><strong>EMEKL\u0130LER HAK ETT\u0130\u011e\u0130 DE\u011eER\u0130 G\u00d6RECEK<\/strong><\/p>\n\n\n\n<p>Hayatlar\u0131n\u0131 \u00e7al\u0131\u015farak ge\u00e7irmi\u015f ve emekli olmu\u015f vatanda\u015flar i\u00e7in Nihat \u00c7ift\u00e7i d\u00f6neminde iki \u00f6nemli proje hayata ge\u00e7irilecek. \u00d6ncelikle kullan\u0131lmayan Ya\u015fam Soka\u011f\u0131 revize edilerek Emekliler Lokali\u2019ne d\u00f6n\u00fc\u015ft\u00fcr\u00fclerek emeklilerin hizmetine sunulacak. Emekliler i\u00e7in hizmete sunulacak bir proje ise emekli ve ya\u015fl\u0131lar\u0131n sa\u011fl\u0131k sorunlar\u0131na \u00e7\u00f6z\u00fcm \u00fcretecek. Ya\u015fl\u0131lar Bak\u0131m Merkezi Projesi ile d\u00fczenli olarak ya\u015fl\u0131lar\u0131n sa\u011fl\u0131k taramalar\u0131 yap\u0131larak, herhangi bir sa\u011fl\u0131k sorununda sa\u011fl\u0131k kurulu\u015flar\u0131 ile entegre tedavi s\u00fcreci takibi yap\u0131lacak.<\/p>\n","protected":false},"excerpt":{"rendered":"<p>Yeniden Refah Partisi \u015eanl\u0131urfa Karak\u00f6pr\u00fc Belediye Ba\u015fkan Aday\u0131 Av. Nihat \u00c7ift\u00e7i yapaca\u011f\u0131 projelerle yediden yetmi\u015fe herkesin&#46;&#46;&#46;<\/p>\n","protected":false},"author":2,"featured_media":12406,"comment_status":"open","ping_status":"open","sticky":false,"template":"","format":"standard","meta":{"inline_featured_image":false,"footnotes":""},"categories":[82],"tags":[499,782,118,131,107],"manset":[],"class_list":["post-12404","post","type-post","status-publish","format-standard","has-post-thumbnail","hentry","category-gundem-haberleri","tag-karakopru","tag-nihat-ciftci","tag-sanliurfa","tag-son-dakika","tag-ub"],"_links":{"self":[{"href":"https:\/\/www.urfabugun.com\/index.php\/wp-json\/wp\/v2\/posts\/12404","targetHints":{"allow":["GET"]}}],"collection":[{"href":"https:\/\/www.urfabugun.com\/index.php\/wp-json\/wp\/v2\/posts"}],"about":[{"href":"https:\/\/www.urfabugun.com\/index.php\/wp-json\/wp\/v2\/types\/post"}],"author":[{"embeddable":true,"href":"https:\/\/www.urfabugun.com\/index.php\/wp-json\/wp\/v2\/users\/2"}],"replies":[{"embeddable":true,"href":"https:\/\/www.urfabugun.com\/index.php\/wp-json\/wp\/v2\/comments?post=12404"}],"version-history":[{"count":0,"href":"https:\/\/www.urfabugun.com\/index.php\/wp-json\/wp\/v2\/posts\/12404\/revisions"}],"wp:featuredmedia":[{"embeddable":true,"href":"https:\/\/www.urfabugun.com\/index.php\/wp-json\/wp\/v2\/media\/12406"}],"wp:attachment":[{"href":"https:\/\/www.urfabugun.com\/index.php\/wp-json\/wp\/v2\/media?parent=12404"}],"wp:term":[{"taxonomy":"category","embeddable":true,"href":"https:\/\/www.urfabugun.com\/index.php\/wp-json\/wp\/v2\/categories?post=12404"},{"taxonomy":"post_tag","embeddable":true,"href":"https:\/\/www.urfabugun.com\/index.php\/wp-json\/wp\/v2\/tags?post=12404"},{"taxonomy":"manset","embeddable":true,"href":"https:\/\/www.urfabugun.com\/index.php\/wp-json\/wp\/v2\/manset?post=12404"}],"curies":[{"name":"wp","href":"https:\/\/api.w.org\/{rel}","templated":true}]}}