{"id":12424,"date":"2024-02-27T09:46:40","date_gmt":"2024-02-27T06:46:40","guid":{"rendered":"https:\/\/www.urfabugun.com\/?p=12424"},"modified":"2024-02-27T09:46:47","modified_gmt":"2024-02-27T06:46:47","slug":"herkesin-merakla-bekledigi-il-olmaya-aday-25-ilce","status":"publish","type":"post","link":"https:\/\/www.urfabugun.com\/index.php\/2024\/02\/27\/herkesin-merakla-bekledigi-il-olmaya-aday-25-ilce\/","title":{"rendered":"Herkesin Merakla Bekledi\u011fi \u0130l Olmaya Aday 25 \u0130l\u00e7e!"},"content":{"rendered":"\n<p><\/p>\n\n\n\n<p><strong>30\u2019u b\u00fcy\u00fck\u015fehir stat\u00fcs\u00fcnde olan iller aras\u0131na kat\u0131lmak isteyen de bir\u00e7ok il\u00e7e var. Peki, il olmaya aday il\u00e7eler hangileri?<\/strong><\/p>\n\n\n\n<p>T\u00fcrkiye Cumhuriyeti\u2019nde 81 il, 922 il\u00e7e bulunuyor. \u00d6zellikle b\u00fcy\u00fck\u015fehir merkezlerindeki kimi il\u00e7elerin n\u00fcfuslar\u0131 bir\u00e7ok ilden bile b\u00fcy\u00fck. Ancak il olabilmek i\u00e7in sadece b\u00fcy\u00fck bir n\u00fcfusa sahip olmak yeterli de\u011fil. Ba\u011fl\u0131 oldu\u011fu ilin merkez il\u00e7esine uzakl\u0131\u011f\u0131, sosyo-ekonomik ko\u015fullar\u0131 gibi kriterler de \u00f6nemli rol oynuyor.<\/p>\n\n\n\n<p><strong>\u015eANLIURFA\u2019NIN S\u0130VEREK \u0130L\u00c7ES\u0130<\/strong><\/p>\n\n\n\n<p>N\u00dcFUS: 250.100<\/p>\n\n\n\n<p>\u015eanl\u0131urfa\u2019n\u0131n en kalabal\u0131k il\u00e7esi olan Siverek, F\u0131rat Nehri\u2019nin k\u0131y\u0131s\u0131nda yer al\u0131yor. Siverek, tar\u0131m\u0131, hayvanc\u0131l\u0131\u011f\u0131 ve ticaretiyle \u00f6nemli bir il\u00e7e. Siverek, tarihi ve k\u00fclt\u00fcrel zenginli\u011fiyle de dikkat \u00e7ekiyor. Siverek Kalesi, Siverek M\u00fczesi, Siverek<\/p>\n\n\n\n<p><strong>ADIYAMAN\u2019IN KAHTA \u0130L\u00c7ES\u0130<\/strong><\/p>\n\n\n\n<p>N\u00fcfus: 120.378<\/p>\n\n\n\n<p>Ad\u0131yaman\u2019\u0131n en kalabal\u0131k ikinci il\u00e7esi olan Kahta, Nemrut Da\u011f\u0131\u2019n\u0131n da bulundu\u011fu Kahta Ovas\u0131 \u00fczerinde kurulmu\u015f. Kahta, tarihi ve do\u011fal g\u00fczellikleriyle \u00f6n plana \u00e7\u0131kan bir il\u00e7e.<\/p>\n\n\n\n<p><strong>ANKARA\u2019NIN POLATLI \u0130L\u00c7ES\u0130<\/strong><\/p>\n\n\n\n<p>N\u00fcfus: 122.424<\/p>\n\n\n\n<p>Ankara\u2019n\u0131n en b\u00fcy\u00fck il\u00e7esi olan Polatl\u0131, ayn\u0131 zamanda T\u00fcrkiye\u2019nin en b\u00fcy\u00fck ovas\u0131 olan Polatl\u0131 Ovas\u0131\u2019na ev sahipli\u011fi yap\u0131yor.<\/p>\n\n\n\n<p><strong>BALIKES\u0130R\u2019\u0130N BANDIRMA \u0130L\u00c7ES\u0130<\/strong><\/p>\n\n\n\n<p>N\u00fcfus: 149.469<\/p>\n\n\n\n<p>Bal\u0131kesir\u2019in en kalabal\u0131k il\u00e7esi olan Band\u0131rma, Marmara Denizi\u2019nin g\u00fcney k\u0131y\u0131s\u0131nda yer al\u0131yor.<\/p>\n\n\n\n<p><strong>BALIKES\u0130R\u2019\u0130N EDREM\u0130T \u0130L\u00c7ES\u0130<\/strong><\/p>\n\n\n\n<p>N\u00fcfus: 121.437<\/p>\n\n\n\n<p>Bal\u0131kesir\u2019in ikinci b\u00fcy\u00fck il\u00e7esi olan Edremit, Ege Denizi\u2019nin kuzey k\u0131y\u0131s\u0131nda bulunuyor.<\/p>\n\n\n\n<p><strong>D\u0130YARBAKIR\u2019IN ERGAN\u0130 \u0130L\u00c7ES\u0130<\/strong><\/p>\n\n\n\n<p>N\u00fcfus: 126.824<\/p>\n\n\n\n<p>Diyarbak\u0131r\u2019\u0131n en b\u00fcy\u00fck il\u00e7esi olan Ergani, Diyarbak\u0131r-Bing\u00f6l karayolu \u00fczerinde yer al\u0131yor.<\/p>\n\n\n\n<p><strong>HAKKAR\u0130\u2019N\u0130N Y\u00dcKSEKOVA \u0130L\u00c7ES\u0130<\/strong><\/p>\n\n\n\n<p>N\u00fcfus: 112.826<\/p>\n\n\n\n<p>Hakkari\u2019nin en kalabal\u0131k il\u00e7esi olan Y\u00fcksekova, \u0130ran ve Irak s\u0131n\u0131r\u0131nda bulunuyor.<\/p>\n\n\n\n<p><strong>KAHRAMANMARA\u015e\u2019IN ELB\u0130STAN \u0130L\u00c7ES\u0130<\/strong><\/p>\n\n\n\n<p>N\u00fcfus: 142.783<\/p>\n\n\n\n<p>Kahramanmara\u015f\u2019\u0131n en b\u00fcy\u00fck il\u00e7esi olan Elbistan, Af\u015fin-Elbistan Havzas\u0131\u2019nda yer al\u0131yor.<\/p>\n\n\n\n<p><strong>KIRKLAREL\u0130\u2019N\u0130N L\u00dcLEBURGAZ \u0130L\u00c7ES\u0130<\/strong><\/p>\n\n\n\n<p>N\u00fcfus: 145.263<\/p>\n\n\n\n<p>K\u0131rklareli\u2019nin en kalabal\u0131k il\u00e7esi olan L\u00fcleburgaz, Trakya\u2019n\u0131n en b\u00fcy\u00fck ovas\u0131 olan L\u00fcleburgaz Ovas\u0131\u2019nda kurulmu\u015f.<\/p>\n\n\n\n<p><strong>KONYA\u2019NIN ERE\u011eL\u0130 \u0130L\u00c7ES\u0130<\/strong><\/p>\n\n\n\n<p>N\u00fcfus: 142.818<\/p>\n\n\n\n<p>Konya\u2019n\u0131n en b\u00fcy\u00fck il\u00e7esi olan Ere\u011fli, Konya Ovas\u0131\u2019n\u0131n g\u00fcneyinde yer al\u0131yor.<\/p>\n\n\n\n<p><strong>MARD\u0130N\u2019\u0130N M\u0130DYAT \u0130L\u00c7ES\u0130<\/strong><\/p>\n\n\n\n<p>N\u00fcfus: 108.242<\/p>\n\n\n\n<p>Mardin\u2019in en kalabal\u0131k ikinci il\u00e7esi olan Midyat, Mezopotamya Ovas\u0131\u2019n\u0131n kuzeyinde bulunuyor.<\/p>\n\n\n\n<p><strong>\u015eIRNAK\u2019IN C\u0130ZRE \u0130L\u00c7ES\u0130<\/strong><\/p>\n\n\n\n<p>N\u00fcfus: 133.908<\/p>\n\n\n\n<p>\u015e\u0131rnak\u2019\u0131n en kalabal\u0131k il\u00e7esi olan Cizre, Dicle Nehri\u2019nin k\u0131y\u0131s\u0131nda yer al\u0131yor.<\/p>\n\n\n\n<p><strong>MU\u011eLA\u2019NIN FETH\u0130YE \u0130L\u00c7ES\u0130<\/strong><\/p>\n\n\n\n<p>N\u00fcfus: 151.474<\/p>\n\n\n\n<p>Mu\u011fla\u2019n\u0131n en kalabal\u0131k il\u00e7esi olan Fethiye, Akdeniz\u2019in bat\u0131 k\u0131y\u0131s\u0131nda bulunuyor.<\/p>\n\n\n\n<p><strong>AYDIN\u2019IN NAZ\u0130LL\u0130 \u0130L\u00c7ES\u0130<\/strong><\/p>\n\n\n\n<p>N\u00fcfus: 153.879<\/p>\n\n\n\n<p>Ayd\u0131n\u2019\u0131n en kalabal\u0131k il\u00e7esi olan Nazilli, B\u00fcy\u00fck Menderes Nehri\u2019nin k\u0131y\u0131s\u0131nda yer al\u0131yor.<\/p>\n\n\n\n<p><strong>MAN\u0130SA\u2019NIN AKH\u0130SAR \u0130L\u00c7ES\u0130<\/strong><\/p>\n\n\n\n<p>N\u00fcfus: 166.129<\/p>\n\n\n\n<p>Manisa\u2019n\u0131n en b\u00fcy\u00fck il\u00e7esi olan Akhisar, Gediz Ovas\u0131\u2019nda kurulmu\u015f.<\/p>\n\n\n\n<p><strong>VAN\u2019IN ERC\u0130\u015e \u0130L\u00c7ES\u0130<\/strong><\/p>\n\n\n\n<p>N\u00fcfus: 173.203<\/p>\n\n\n\n<p>Van\u2019\u0131n en kalabal\u0131k il\u00e7esi olan Erci\u015f, Van G\u00f6l\u00fc\u2019n\u00fcn kuzey k\u0131y\u0131s\u0131nda bulunuyor.<\/p>\n\n\n\n<p><strong>ZONGULDAK\u2019IN ERE\u011eL\u0130 \u0130L\u00c7ES\u0130<\/strong><\/p>\n\n\n\n<p>N\u00fcfus: 174.619<\/p>\n\n\n\n<p>Zonguldak\u2019\u0131n en b\u00fcy\u00fck il\u00e7esi olan Ere\u011fli, Karadeniz\u2019in bat\u0131 k\u0131y\u0131s\u0131nda yer al\u0131yor.<\/p>\n\n\n\n<p><strong>ANTALYA\u2019NIN MANAVGAT \u0130L\u00c7ES\u0130<\/strong><\/p>\n\n\n\n<p>N\u00fcfus: 224.664<\/p>\n\n\n\n<p>Antalya\u2019n\u0131n en kalabal\u0131k ikinci il\u00e7esi olan Manavgat, Akdeniz\u2019in do\u011fu k\u0131y\u0131s\u0131nda bulunuyor.<\/p>\n\n\n\n<p><strong>HATAY\u2019IN \u0130SKENDERUN \u0130L\u00c7ES\u0130<\/strong><\/p>\n\n\n\n<p>N\u00fcfus: 246.639<\/p>\n\n\n\n<p>Hatay\u2019\u0131n en kalabal\u0131k il\u00e7esi olan \u0130skenderun, Akdeniz\u2019in do\u011fu k\u0131y\u0131s\u0131nda yer al\u0131yor.<\/p>\n\n\n\n<p>Ulu Camii gibi tarihi eserleri bulunan il\u00e7e, ayn\u0131 zamanda Siverek Peyniri ile de \u00fcnl\u00fc.<\/p>\n\n\n\n<p><strong>TEK\u0130RDA\u011e\u2019IN \u00c7ORLU \u0130L\u00c7ES\u0130<\/strong><\/p>\n\n\n\n<p>N\u00fcfus: 253.551<\/p>\n\n\n\n<p>Tekirda\u011f\u2019\u0131n en kalabal\u0131k il\u00e7esi olan \u00c7orlu, Marmara Denizi\u2019nin kuzey k\u0131y\u0131s\u0131nda bulunuyor.<\/p>\n\n\n\n<p><strong>BURSA\u2019NIN \u0130NEG\u00d6L \u0130L\u00c7ES\u0130<\/strong><\/p>\n\n\n\n<p>N\u00fcfus: 255.032<\/p>\n\n\n\n<p>Bursa\u2019n\u0131n en kalabal\u0131k il\u00e7esi olan \u0130neg\u00f6l, Uluda\u011f\u2019\u0131n ete\u011finde yer al\u0131yor.<\/p>\n\n\n\n<p><strong>ANTALYA\u2019NIN ALANYA \u0130L\u00c7ES\u0130<\/strong><\/p>\n\n\n\n<p>N\u00fcfus: 294.558<\/p>\n\n\n\n<p>Antalya\u2019n\u0131n en kalabal\u0131k \u00fc\u00e7\u00fcnc\u00fc il\u00e7esi olan Alanya, Akdeniz\u2019in do\u011fu k\u0131y\u0131s\u0131nda bulunuyor.<\/p>\n\n\n\n<p>Tarsus, Mersin N\u00fcfus: 329.494<\/p>\n","protected":false},"excerpt":{"rendered":"<p>30\u2019u b\u00fcy\u00fck\u015fehir stat\u00fcs\u00fcnde olan iller aras\u0131na kat\u0131lmak isteyen de bir\u00e7ok il\u00e7e var. Peki, il olmaya aday&#46;&#46;&#46;<\/p>\n","protected":false},"author":2,"featured_media":12426,"comment_status":"open","ping_status":"open","sticky":false,"template":"","format":"standard","meta":{"inline_featured_image":false,"footnotes":""},"categories":[82],"tags":[3724,118,131,107,608,93],"manset":[],"class_list":["post-12424","post","type-post","status-publish","format-standard","has-post-thumbnail","hentry","category-gundem-haberleri","tag-herkesin-merakla-bekledigi-il-olmaya-aday-25-ilce","tag-sanliurfa","tag-son-dakika","tag-ub","tag-urfa-bugun","tag-ust"],"_links":{"self":[{"href":"https:\/\/www.urfabugun.com\/index.php\/wp-json\/wp\/v2\/posts\/12424","targetHints":{"allow":["GET"]}}],"collection":[{"href":"https:\/\/www.urfabugun.com\/index.php\/wp-json\/wp\/v2\/posts"}],"about":[{"href":"https:\/\/www.urfabugun.com\/index.php\/wp-json\/wp\/v2\/types\/post"}],"author":[{"embeddable":true,"href":"https:\/\/www.urfabugun.com\/index.php\/wp-json\/wp\/v2\/users\/2"}],"replies":[{"embeddable":true,"href":"https:\/\/www.urfabugun.com\/index.php\/wp-json\/wp\/v2\/comments?post=12424"}],"version-history":[{"count":0,"href":"https:\/\/www.urfabugun.com\/index.php\/wp-json\/wp\/v2\/posts\/12424\/revisions"}],"wp:featuredmedia":[{"embeddable":true,"href":"https:\/\/www.urfabugun.com\/index.php\/wp-json\/wp\/v2\/media\/12426"}],"wp:attachment":[{"href":"https:\/\/www.urfabugun.com\/index.php\/wp-json\/wp\/v2\/media?parent=12424"}],"wp:term":[{"taxonomy":"category","embeddable":true,"href":"https:\/\/www.urfabugun.com\/index.php\/wp-json\/wp\/v2\/categories?post=12424"},{"taxonomy":"post_tag","embeddable":true,"href":"https:\/\/www.urfabugun.com\/index.php\/wp-json\/wp\/v2\/tags?post=12424"},{"taxonomy":"manset","embeddable":true,"href":"https:\/\/www.urfabugun.com\/index.php\/wp-json\/wp\/v2\/manset?post=12424"}],"curies":[{"name":"wp","href":"https:\/\/api.w.org\/{rel}","templated":true}]}}