{"id":12594,"date":"2024-03-02T22:52:00","date_gmt":"2024-03-02T19:52:00","guid":{"rendered":"https:\/\/www.urfabugun.com\/?p=12594"},"modified":"2024-03-02T22:52:07","modified_gmt":"2024-03-02T19:52:07","slug":"nihat-ciftci-karakopru-kararini-vermis","status":"publish","type":"post","link":"https:\/\/www.urfabugun.com\/index.php\/2024\/03\/02\/nihat-ciftci-karakopru-kararini-vermis\/","title":{"rendered":"Nihat \u00c7ift\u00e7i; Karak\u00f6pr\u00fc Karar\u0131n\u0131 Vermi\u015f!\u201d"},"content":{"rendered":"\n<p><br><strong>Karak\u00f6pr\u00fc\u2019de merkez se\u00e7im ofisinin a\u00e7\u0131l\u0131\u015f\u0131 mitinge havas\u0131nda d\u00f6n\u00fc\u015fen Yeniden Refah Partisi \u015eanl\u0131urfa Karak\u00f6pr\u00fc Belediye Ba\u015fkan Aday\u0131 Nihat \u00c7ift\u00e7i, \u201cSelam olsun Karak\u00f6pr\u00fc\u2019n\u00fcn 100\u2019e yak\u0131n mahallesine, Allah hepinizden raz\u0131 olsun Karak\u00f6pr\u00fc Karar\u0131n\u0131 vermi\u015ftir\u201d dedi.<\/strong><\/p>\n\n\n\n<p>Karak\u00f6pr\u00fc Mesire alan\u0131 yan\u0131nda ger\u00e7ekle\u015fen a\u00e7\u0131l\u0131\u015fa on binlerce ki\u015fi kat\u0131rken vatanda\u015flar ak\u0131n ak\u0131n sahne alan\u0131na geldi. Karak\u00f6pr\u00fc\u2019deki yakla\u015f\u0131k 100 mahallede ya\u015fan vatanda\u015flar kat\u0131l\u0131m sa\u011flad\u0131.<\/p>\n\n\n\n<p>\u00c7ocuklardan Kad\u0131nlara, E\u011fitimden, istihdama y\u00f6nelik bir\u00e7ok projeyi hayata ge\u00e7irmeyi vaat eden Ba\u015fkan aday\u0131 Nihat \u00c7ift\u00e7i, hem\u015fehrilerimizin tevecc\u00fch\u00fc bizlere \u00e7al\u0131\u015fma a\u015fk\u0131 veriyor dedi.<\/p>\n\n\n\n<p>Ba\u015fkan Aday\u0131 Nihat \u00c7ift\u00e7i, \u201cSiz de\u011ferli Karak\u00f6pr\u00fcl\u00fcler ho\u015f geldiniz, \u015feref verdiniz. Karak\u00f6pr\u00fc Belediyemizin kurulu\u015fundan bu yana Ali G\u00f6k ve vekili T\u00fcrkmen \u00c7ift\u00e7i ve yine Belediye Ba\u015fkan\u0131 olarak bu topraklara hizmet eden Ahmet G\u00fczel\u2019e Allah\u2019tan rahmet diliyorum. \u00d6nlerinde sayg\u0131 ile e\u011filiyorum. Bu topraklara hizmet verenlere \u00e7ok bor\u00e7luyuz.<\/p>\n\n\n\n<p>Karak\u00f6pr\u00fc\u2019m\u00fcz vatan\u0131na sevdal\u0131, topra\u011f\u0131na ba\u011fl\u0131, devletine ba\u011fl\u0131 ve b\u00fct\u00fcn olarak birlikte de\u011fi\u015fikli\u011fe g\u00fczelli\u011fe ad\u0131m atan bir il\u00e7edir. Selam olsun Karak\u00f6pr\u00fc\u2019n\u00fcn 100\u2019e yak\u0131n mahallesine\u201d dedi.<\/p>\n\n\n\n<figure class=\"wp-block-image size-large\"><img loading=\"lazy\" decoding=\"async\" width=\"1024\" height=\"768\" src=\"https:\/\/www.urfabugun.com\/wp-content\/uploads\/2024\/03\/854fb6cd-59fd-4b57-9253-8416e7347e58-1024x768.jpeg\" alt=\"\" class=\"wp-image-12598\"\/><\/figure>\n\n\n\n<p><strong>N\u0130HAT \u00c7\u0130FT\u00c7\u0130, \u201cKARAK\u00d6PR\u00dc\u2019Y\u00dc HEP B\u0130RL\u0130KTE Y\u00d6NETECE\u011e\u0130Z\u201d<\/strong><\/p>\n\n\n\n<p>\u201cBirli\u011fimiz ve beraberli\u011fimiz her zaman bir g\u00fc\u00e7t\u00fcr. Yeniden Refah Partimiz ba\u015far\u0131 ile bereketin simgesidir. Hilali ile tarihe \u015feref g\u00f6nderen bir patidir. Bu parti anne oca\u011f\u0131d\u0131r ve hepimize yeri vard\u0131r. Bizler Belediyecili\u011fi birlik ve beraberlik i\u00e7erisinde yapaca\u011f\u0131z. Karak\u00f6pr\u00fc\u2019y\u00fc hep beraber y\u00f6netece\u011fiz.<\/p>\n\n\n\n<p>\u00c7ocuklar\u0131m\u0131z ile \u00e7ocuk meclisi, kad\u0131nlar\u0131m\u0131z ile kad\u0131n meclisi, gen\u00e7lerimiz ile gen\u00e7lik meclisi ile ve Sivil Toplum Kurulu\u015flar\u0131m\u0131z ile, \u00fcniversitede ayd\u0131nlar\u0131m\u0131z ile bir b\u00fct\u00fcnl\u00fck i\u00e7erisinde y\u00f6netece\u011fiz. Tekrar Bizlere mutlulu\u011fu ya\u015fatt\u0131\u011f\u0131n\u0131z i\u00e7in hepinize minnettar\u0131m ve hepinize \u015f\u00fckran bor\u00e7luyum. Allah hepinizden raz\u0131 olsun Karak\u00f6pr\u00fc Karar\u0131n\u0131 vermi\u015f\u201d dedi.<\/p>\n\n\n\n<figure class=\"wp-block-image size-large\"><img loading=\"lazy\" decoding=\"async\" width=\"1024\" height=\"768\" src=\"https:\/\/www.urfabugun.com\/wp-content\/uploads\/2024\/03\/02434f87-ee04-4ec7-b75e-6a7aada51858-1024x768.jpeg\" alt=\"\" class=\"wp-image-12596\"\/><\/figure>\n\n\n\n<p><strong>G\u00dcLPINAR, \u201c\u015e\u0130MD\u0130DEN BELED\u0130YE BA\u015eKANLI\u011eI N\u0130HAT BA\u015eKAN\u2019A HAYIRLI OLSUN\u201d<\/strong><\/p>\n\n\n\n<p>Programa kat\u0131larak yo\u011fun kat\u0131l\u0131mdan dolay\u0131 te\u015fekk\u00fcr eden Yeniden Refah Partisi \u015eanl\u0131urfa B\u00fcy\u00fck\u015fehir Belediye Ba\u015fkan Aday\u0131 Mehmet Kas\u0131m G\u00fclp\u0131nar ise, Allah\u2019\u0131n izni ile bug\u00fcn Karak\u00f6pr\u00fc tamam, \u015fimdiden Nihat Ba\u015fkan\u0131m\u0131za hay\u0131rl\u0131 olsun\u201d dedi.<br>\u201cMuazzam bir b\u00fcro a\u00e7\u0131l\u0131\u015f\u0131nday\u0131z. Bir b\u00fcro a\u00e7\u0131l\u0131\u015f\u0131nda bile b\u00f6yle bir kalabal\u0131k toplan\u0131yorsa mesaj nettir. \u015eimdiden eme\u011finize sa\u011fl\u0131k \u015eimdiden Belediye Ba\u015fkanl\u0131\u011f\u0131 Nihat Ba\u015fkan\u2019a hay\u0131rl\u0131 olsun. Bizlere ve t\u00fcm merkez il\u00e7e ba\u015fkanlar\u0131m\u0131za hay\u0131rl\u0131 olsun. Bu toplama bir kalabal\u0131k de\u011fil, zorlama yok, \u015fantaj ve tehdit yok. Buras\u0131 ger\u00e7ek bir kalabal\u0131k ger\u00e7ek Kuzey Kore modeli de\u011fil sevginin kalplere yerle\u015fti\u011fi bu Urfa modeli \u2018Essah\u2019 bir sevgi. Suni kalabal\u0131klar\u0131 olu\u015fturup da \u00f6z ele\u015ftiri yapmalar\u0131 gerekenler sa\u011fa sola sald\u0131rmaktan ba\u015fka bir \u015fey yapm\u0131yorlar. <br><\/p>\n\n\n\n<figure class=\"wp-block-image size-large\"><img loading=\"lazy\" decoding=\"async\" width=\"1024\" height=\"576\" src=\"https:\/\/www.urfabugun.com\/wp-content\/uploads\/2024\/03\/5322d560-1073-46b5-ae91-3a5d1b0b1dd6-1024x576.jpeg\" alt=\"\" class=\"wp-image-12597\"\/><\/figure>\n\n\n\n<p>Bizim i\u015fimiz kavga ile de\u011fil biz g\u00f6n\u00fcl yapmaya geldik. Madem iddia ediyorsunuz fazla oy alamazlar, zaten bir s\u0131k\u0131nt\u0131 yok, zaten biz kazand\u0131k diyorlar ya o zaman bu panik ve s\u0131k\u0131nt\u0131 niye. O zaman burada bizde \u00e7\u0131kal\u0131m ne oy alacaksak g\u00f6relim. \u0130n\u015fallah bu kalabal\u0131klar\u0131n \u00e7ok daha fazlas\u0131 ile 31 Mart gecesinde sizlerle birlikte Yeniden Refah Partisi\u2019nin \u015eanl\u0131urfa\u2019daki zaferini hep birlikte bu sevin\u00e7le kutlayaca\u011f\u0131z\u201d dedi.<\/p>\n","protected":false},"excerpt":{"rendered":"<p>Karak\u00f6pr\u00fc\u2019de merkez se\u00e7im ofisinin a\u00e7\u0131l\u0131\u015f\u0131 mitinge havas\u0131nda d\u00f6n\u00fc\u015fen Yeniden Refah Partisi \u015eanl\u0131urfa Karak\u00f6pr\u00fc Belediye Ba\u015fkan Aday\u0131&#46;&#46;&#46;<\/p>\n","protected":false},"author":2,"featured_media":12599,"comment_status":"open","ping_status":"open","sticky":false,"template":"","format":"standard","meta":{"inline_featured_image":false,"footnotes":""},"categories":[82],"tags":[782,3770,118,107],"manset":[],"class_list":["post-12594","post","type-post","status-publish","format-standard","has-post-thumbnail","hentry","category-gundem-haberleri","tag-nihat-ciftci","tag-nihat-ciftci-karakopru-kararini-vermis","tag-sanliurfa","tag-ub"],"_links":{"self":[{"href":"https:\/\/www.urfabugun.com\/index.php\/wp-json\/wp\/v2\/posts\/12594","targetHints":{"allow":["GET"]}}],"collection":[{"href":"https:\/\/www.urfabugun.com\/index.php\/wp-json\/wp\/v2\/posts"}],"about":[{"href":"https:\/\/www.urfabugun.com\/index.php\/wp-json\/wp\/v2\/types\/post"}],"author":[{"embeddable":true,"href":"https:\/\/www.urfabugun.com\/index.php\/wp-json\/wp\/v2\/users\/2"}],"replies":[{"embeddable":true,"href":"https:\/\/www.urfabugun.com\/index.php\/wp-json\/wp\/v2\/comments?post=12594"}],"version-history":[{"count":0,"href":"https:\/\/www.urfabugun.com\/index.php\/wp-json\/wp\/v2\/posts\/12594\/revisions"}],"wp:featuredmedia":[{"embeddable":true,"href":"https:\/\/www.urfabugun.com\/index.php\/wp-json\/wp\/v2\/media\/12599"}],"wp:attachment":[{"href":"https:\/\/www.urfabugun.com\/index.php\/wp-json\/wp\/v2\/media?parent=12594"}],"wp:term":[{"taxonomy":"category","embeddable":true,"href":"https:\/\/www.urfabugun.com\/index.php\/wp-json\/wp\/v2\/categories?post=12594"},{"taxonomy":"post_tag","embeddable":true,"href":"https:\/\/www.urfabugun.com\/index.php\/wp-json\/wp\/v2\/tags?post=12594"},{"taxonomy":"manset","embeddable":true,"href":"https:\/\/www.urfabugun.com\/index.php\/wp-json\/wp\/v2\/manset?post=12594"}],"curies":[{"name":"wp","href":"https:\/\/api.w.org\/{rel}","templated":true}]}}