{"id":12630,"date":"2024-03-04T08:32:39","date_gmt":"2024-03-04T05:32:39","guid":{"rendered":"https:\/\/www.urfabugun.com\/?p=12630"},"modified":"2024-03-04T08:32:46","modified_gmt":"2024-03-04T05:32:46","slug":"sanliurfada-hava-durumu-nasil-olacak-2","status":"publish","type":"post","link":"https:\/\/www.urfabugun.com\/index.php\/2024\/03\/04\/sanliurfada-hava-durumu-nasil-olacak-2\/","title":{"rendered":"\u015eanl\u0131urfa&#8217;da Hava Durumu Nas\u0131l Olacak?"},"content":{"rendered":"\n<p><\/p>\n\n\n\n<p><strong>Meteoroloji Genel M\u00fcd\u00fcrl\u00fc\u011f\u00fc \u015eanl\u0131urfa\u2019n\u0131n 4,5,6,7,8,9 Mart tarihleri aras\u0131ndaki hava durumuna ili\u015fkin verileri payla\u015ft\u0131.<\/strong><\/p>\n\n\n\n<p>\u0130\u015fte meteorolojinin hava durumu tahminleri\u2026<br>4 Mart PAZARTES\u0130 G\u00dcN\u00dc HAVA DURUMU:<br>Hava par\u00e7al\u0131 bulutlu olacak. En y\u00fcksek s\u0131cakl\u0131k 16 derece olacak, en d\u00fc\u015f\u00fck s\u0131cakl\u0131k ise3 derece olarak tahmin ediliyor.<\/p>\n\n\n\n<p>5 Mart SALI G\u00dcN\u00dc HAVA DURUMU:<br>En y\u00fcksek s\u0131cakl\u0131k 17 derece olacak, en d\u00fc\u015f\u00fck s\u0131cakl\u0131k ise 7 derece olaca\u011f\u0131 havan\u0131n az bulutlu olaca\u011f\u0131 tahmin ediliyor.<\/p>\n\n\n\n<p>6 Mart \u00c7AR\u015eAMBA HAVA DURUMU:<br>En y\u00fcksek s\u0131cakl\u0131k 14 olacak, en d\u00fc\u015f\u00fck s\u0131cakl\u0131k ise 4 derece havan\u0131n havan\u0131n hafif ya\u011fmurlu olaca\u011f\u0131 tahmin ediliyor.<\/p>\n\n\n\n<p>7 Mart PER\u015eEMBE HAVA DURUMU:<br>En y\u00fcksek s\u0131cakl\u0131k 16 derece olacak, en d\u00fc\u015f\u00fck s\u0131cakl\u0131k ise 7 derece havan\u0131naz bulutlu olaca\u011f\u0131 tahmin ediliyor.<\/p>\n\n\n\n<p>8 Mart CUMA HAVA DURUMU:<br>En y\u00fcksek s\u0131cakl\u0131k 16 derece olacak, en d\u00fc\u015f\u00fck s\u0131cakl\u0131k ise 7 derece havan\u0131n hafif ya\u011fmurlu olaca\u011f\u0131 tahmin ediliyor.<\/p>\n\n\n\n<h1 class=\"wp-block-heading\">havadurumu #meteoroloji #sondakika #pazartesi #ke\u015ffet<\/h1>\n","protected":false},"excerpt":{"rendered":"<p>Meteoroloji Genel M\u00fcd\u00fcrl\u00fc\u011f\u00fc \u015eanl\u0131urfa\u2019n\u0131n 4,5,6,7,8,9 Mart tarihleri aras\u0131ndaki hava durumuna ili\u015fkin verileri payla\u015ft\u0131. \u0130\u015fte meteorolojinin hava&#46;&#46;&#46;<\/p>\n","protected":false},"author":2,"featured_media":12088,"comment_status":"open","ping_status":"open","sticky":false,"template":"","format":"standard","meta":{"inline_featured_image":false,"footnotes":""},"categories":[92],"tags":[108,118,3715,131,107,608,93],"manset":[],"class_list":["post-12630","post","type-post","status-publish","format-standard","has-post-thumbnail","hentry","category-yasam-haberleri","tag-hava-durumu","tag-sanliurfa","tag-sanliurfada-hava-durumu-nasil-olacak","tag-son-dakika","tag-ub","tag-urfa-bugun","tag-ust"],"_links":{"self":[{"href":"https:\/\/www.urfabugun.com\/index.php\/wp-json\/wp\/v2\/posts\/12630","targetHints":{"allow":["GET"]}}],"collection":[{"href":"https:\/\/www.urfabugun.com\/index.php\/wp-json\/wp\/v2\/posts"}],"about":[{"href":"https:\/\/www.urfabugun.com\/index.php\/wp-json\/wp\/v2\/types\/post"}],"author":[{"embeddable":true,"href":"https:\/\/www.urfabugun.com\/index.php\/wp-json\/wp\/v2\/users\/2"}],"replies":[{"embeddable":true,"href":"https:\/\/www.urfabugun.com\/index.php\/wp-json\/wp\/v2\/comments?post=12630"}],"version-history":[{"count":0,"href":"https:\/\/www.urfabugun.com\/index.php\/wp-json\/wp\/v2\/posts\/12630\/revisions"}],"wp:featuredmedia":[{"embeddable":true,"href":"https:\/\/www.urfabugun.com\/index.php\/wp-json\/wp\/v2\/media\/12088"}],"wp:attachment":[{"href":"https:\/\/www.urfabugun.com\/index.php\/wp-json\/wp\/v2\/media?parent=12630"}],"wp:term":[{"taxonomy":"category","embeddable":true,"href":"https:\/\/www.urfabugun.com\/index.php\/wp-json\/wp\/v2\/categories?post=12630"},{"taxonomy":"post_tag","embeddable":true,"href":"https:\/\/www.urfabugun.com\/index.php\/wp-json\/wp\/v2\/tags?post=12630"},{"taxonomy":"manset","embeddable":true,"href":"https:\/\/www.urfabugun.com\/index.php\/wp-json\/wp\/v2\/manset?post=12630"}],"curies":[{"name":"wp","href":"https:\/\/api.w.org\/{rel}","templated":true}]}}