{"id":12719,"date":"2024-03-06T11:08:15","date_gmt":"2024-03-06T08:08:15","guid":{"rendered":"https:\/\/www.urfabugun.com\/?p=12719"},"modified":"2024-03-06T11:08:22","modified_gmt":"2024-03-06T08:08:22","slug":"hazine-ve-maliye-bakani-sanliurfaya-geliyor","status":"publish","type":"post","link":"https:\/\/www.urfabugun.com\/index.php\/2024\/03\/06\/hazine-ve-maliye-bakani-sanliurfaya-geliyor\/","title":{"rendered":"Hazine ve Maliye Bakan\u0131 \u015eanl\u0131urfa\u2019ya Geliyor!"},"content":{"rendered":"\n<p><\/p>\n\n\n\n<p><strong>Yerel se\u00e7im s\u00fcrecinde siyasi hareketlilik ya\u015fan\u0131rken \u200b\u200b\u200b\u200b\u200b\u200b\u200bHazine ve Maliye Bakan\u0131 Mehmet \u015eim\u015fek&#8217;in de 10 Mart&#8217;ta \u015eanl\u0131urfa\u2019ya gelece\u011fi a\u00e7\u0131kland\u0131.<\/strong><\/p>\n\n\n\n<p>Hazine ve Maliye Bakan\u0131 Mehmet \u015eim\u015fe&#8217;in \u015eanl\u0131urfa&#8217;ya gelece\u011fini AK Parti \u015eanl\u0131urfa \u0130l Ba\u015fkan\u0131 Ali \u0130hsan Delio\u011flu sosyal medya hesab\u0131ndan duyurdu.<\/p>\n\n\n\n<p>AK Parti \u015eanl\u0131urfa \u0130l Ba\u015fkan\u0131 Ali \u0130hsan Delio\u011flu yapt\u0131\u011f\u0131 payla\u015f\u0131m\u0131nda &#8220;Hazine ve Maliye Bakan\u0131m\u0131z Say\u0131n Mehmet \u015eim\u015fek \u015eanl\u0131urfa\u2019m\u0131za Geliyor. 10 Mart Pazar G\u00fcn\u00fc ilimizde \u00e7e\u015fitli ziyaretler ve incelemeler ger\u00e7ekle\u015ftirecek olan Say\u0131n Bakan\u0131m\u0131z \u015eanl\u0131urfa\u2019m\u0131z\u0131n \u0130\u015f D\u00fcnyas\u0131&nbsp; \u0130le de bir araya gelecekler. &#8220;ifadelerini kulland\u0131.<\/p>\n","protected":false},"excerpt":{"rendered":"<p>Yerel se\u00e7im s\u00fcrecinde siyasi hareketlilik ya\u015fan\u0131rken \u200b\u200b\u200b\u200b\u200b\u200b\u200bHazine ve Maliye Bakan\u0131 Mehmet \u015eim\u015fek&#8217;in de 10 Mart&#8217;ta \u015eanl\u0131urfa\u2019ya&#46;&#46;&#46;<\/p>\n","protected":false},"author":2,"featured_media":12721,"comment_status":"open","ping_status":"open","sticky":false,"template":"","format":"standard","meta":{"inline_featured_image":false,"footnotes":""},"categories":[82],"tags":[3801,3802,131,107],"manset":[],"class_list":["post-12719","post","type-post","status-publish","format-standard","has-post-thumbnail","hentry","category-gundem-haberleri","tag-hazine-ve-maliye-bakani-sanliurfaya-geliyor","tag-mehmet-simsek","tag-son-dakika","tag-ub"],"_links":{"self":[{"href":"https:\/\/www.urfabugun.com\/index.php\/wp-json\/wp\/v2\/posts\/12719","targetHints":{"allow":["GET"]}}],"collection":[{"href":"https:\/\/www.urfabugun.com\/index.php\/wp-json\/wp\/v2\/posts"}],"about":[{"href":"https:\/\/www.urfabugun.com\/index.php\/wp-json\/wp\/v2\/types\/post"}],"author":[{"embeddable":true,"href":"https:\/\/www.urfabugun.com\/index.php\/wp-json\/wp\/v2\/users\/2"}],"replies":[{"embeddable":true,"href":"https:\/\/www.urfabugun.com\/index.php\/wp-json\/wp\/v2\/comments?post=12719"}],"version-history":[{"count":0,"href":"https:\/\/www.urfabugun.com\/index.php\/wp-json\/wp\/v2\/posts\/12719\/revisions"}],"wp:featuredmedia":[{"embeddable":true,"href":"https:\/\/www.urfabugun.com\/index.php\/wp-json\/wp\/v2\/media\/12721"}],"wp:attachment":[{"href":"https:\/\/www.urfabugun.com\/index.php\/wp-json\/wp\/v2\/media?parent=12719"}],"wp:term":[{"taxonomy":"category","embeddable":true,"href":"https:\/\/www.urfabugun.com\/index.php\/wp-json\/wp\/v2\/categories?post=12719"},{"taxonomy":"post_tag","embeddable":true,"href":"https:\/\/www.urfabugun.com\/index.php\/wp-json\/wp\/v2\/tags?post=12719"},{"taxonomy":"manset","embeddable":true,"href":"https:\/\/www.urfabugun.com\/index.php\/wp-json\/wp\/v2\/manset?post=12719"}],"curies":[{"name":"wp","href":"https:\/\/api.w.org\/{rel}","templated":true}]}}