{"id":12754,"date":"2024-03-07T12:21:45","date_gmt":"2024-03-07T09:21:45","guid":{"rendered":"https:\/\/www.urfabugun.com\/?p=12754"},"modified":"2024-03-07T12:21:51","modified_gmt":"2024-03-07T09:21:51","slug":"ceylanpinarda-seyyithan-atillaya-destek-giderek-artiyor","status":"publish","type":"post","link":"https:\/\/www.urfabugun.com\/index.php\/2024\/03\/07\/ceylanpinarda-seyyithan-atillaya-destek-giderek-artiyor\/","title":{"rendered":"Ceylanp\u0131nar\u2019da Seyyithan Atilla\u2019ya Destek Giderek Art\u0131yor!"},"content":{"rendered":"\n<p><\/p>\n\n\n\n<p><strong>Ceylanp\u0131nar\u2019\u0131n belediye ba\u015fkanl\u0131k se\u00e7imlerine y\u00f6nelik heyecan giderek art\u0131yor. Ak Parti\u2019nin iddial\u0131 aday\u0131 Av. Seyyithan Atilla\u2019ya, il\u00e7e sakinlerinden ve \u00f6nemli ailelerden b\u00fcy\u00fck destekler gelmeye devam ediyor.<\/strong><\/p>\n\n\n\n<p>Ceylanp\u0131nar\u2019da 31 Mart yerel se\u00e7imlerine say\u0131l\u0131 g\u00fcnler kala, AK Parti Belediye Ba\u015fkan aday\u0131 Seyyithan Atilla\u2019ya destekler giderek art\u0131yor. Son olarak Bini Hilal A\u015fireti ve Da\u011f Ailesi, Atilla\u2019n\u0131n #Ger\u00e7ekBelediyecilik vizyonuna g\u00fc\u00e7l\u00fc destek verdi\u011fini a\u00e7\u0131klayarak, se\u00e7im heyecan\u0131n\u0131 art\u0131rd\u0131.<\/p>\n\n\n\n<p>Bini Hilal A\u015fireti, gen\u00e7 ve dinamik adaylar\u0131 Seyyithan Atilla ile yola devam karar\u0131 ald\u0131klar\u0131n\u0131 a\u00e7\u0131klad\u0131. A\u015firetin temsilcileri, Atilla\u2019n\u0131n Ceylanp\u0131nar i\u00e7in sundu\u011fu projeleri ve kararl\u0131l\u0131\u011f\u0131n\u0131 \u00f6vg\u00fcyle dile getirirken, desteklerini g\u00f6n\u00fclden verdiklerini belirttiler. A\u015firet lideri, Atilla\u2019ya olan g\u00fcvenlerini dile getirerek, #Ger\u00e7ekBelediyecilik anlay\u0131\u015f\u0131n\u0131n Ceylanp\u0131nar\u2019a yeni bir soluk getirece\u011fine inand\u0131klar\u0131n\u0131 vurgulad\u0131.<\/p>\n\n\n\n<p>Di\u011fer yandan, Da\u011f Ailesi de Atilla&#8217;y\u0131 destekleyen aileler aras\u0131nda yer ald\u0131. Hac\u0131 Yusuf Da\u011f ve ailesi, Ak Parti Ceylanp\u0131nar belediye ba\u015fkan aday\u0131 Av.Seyyithan Atilla ile bir araya gelerek, #Ger\u00e7ekBelediyecilik i\u00e7in haz\u0131r olduklar\u0131n\u0131 belirtti. Atilla\u2019n\u0131n \u015feffaf ve kat\u0131l\u0131mc\u0131 belediyecilik anlay\u0131\u015f\u0131n\u0131 takdir ettiklerini ifade eden aile \u00fcyeleri, Ceylanp\u0131nar\u2019\u0131n gelece\u011fi i\u00e7in desteklerini esirgemediklerini s\u00f6ylediler. Atilla ise, Da\u011f Ailesi&#8217;ne ve di\u011fer destek veren ailelere te\u015fekk\u00fcr ederek, halk\u0131n g\u00fcveni ve deste\u011fiyle Ceylanp\u0131nar\u2019\u0131 daha ya\u015fanabilir bir il\u00e7e haline getireceklerini belirtti.<\/p>\n\n\n\n<p>Seyyithan Atilla, Ceylanp\u0131nar\u2019da sadece bir siyasi de\u011fil, ayn\u0131 zamanda bir halk adam\u0131 olarak de\u011fer g\u00f6r\u00fcyor. Vatanda\u015flar\u0131n sorunlar\u0131na kulak veren, \u00e7\u00f6z\u00fcm odakl\u0131 yakla\u015f\u0131m\u0131yla dikkat \u00e7eken Atilla, se\u00e7im kampanyas\u0131 boyunca halk\u0131n nabz\u0131n\u0131 tutmaya devam ediyor. Ceylanp\u0131narl\u0131lar da, 31 Mart\u2019ta yap\u0131lacak olan yerel se\u00e7imlerde, #Ger\u00e7ekBelediyecilik anlay\u0131\u015f\u0131n\u0131 temsil eden Seyyithan Atilla\u2019ya b\u00fcy\u00fck bir destek g\u00f6steriyor.<\/p>\n","protected":false},"excerpt":{"rendered":"<p>Ceylanp\u0131nar\u2019\u0131n belediye ba\u015fkanl\u0131k se\u00e7imlerine y\u00f6nelik heyecan giderek art\u0131yor. Ak Parti\u2019nin iddial\u0131 aday\u0131 Av. Seyyithan Atilla\u2019ya, il\u00e7e&#46;&#46;&#46;<\/p>\n","protected":false},"author":2,"featured_media":12756,"comment_status":"open","ping_status":"open","sticky":false,"template":"","format":"standard","meta":{"inline_featured_image":false,"footnotes":""},"categories":[82],"tags":[304,3812,118,3493,131,107],"manset":[],"class_list":["post-12754","post","type-post","status-publish","format-standard","has-post-thumbnail","hentry","category-gundem-haberleri","tag-ceylanpinar","tag-ceylanpinarda-seyyithan-atillaya-destek-giderek-artiyor","tag-sanliurfa","tag-seyithan-atilla","tag-son-dakika","tag-ub"],"_links":{"self":[{"href":"https:\/\/www.urfabugun.com\/index.php\/wp-json\/wp\/v2\/posts\/12754","targetHints":{"allow":["GET"]}}],"collection":[{"href":"https:\/\/www.urfabugun.com\/index.php\/wp-json\/wp\/v2\/posts"}],"about":[{"href":"https:\/\/www.urfabugun.com\/index.php\/wp-json\/wp\/v2\/types\/post"}],"author":[{"embeddable":true,"href":"https:\/\/www.urfabugun.com\/index.php\/wp-json\/wp\/v2\/users\/2"}],"replies":[{"embeddable":true,"href":"https:\/\/www.urfabugun.com\/index.php\/wp-json\/wp\/v2\/comments?post=12754"}],"version-history":[{"count":0,"href":"https:\/\/www.urfabugun.com\/index.php\/wp-json\/wp\/v2\/posts\/12754\/revisions"}],"wp:featuredmedia":[{"embeddable":true,"href":"https:\/\/www.urfabugun.com\/index.php\/wp-json\/wp\/v2\/media\/12756"}],"wp:attachment":[{"href":"https:\/\/www.urfabugun.com\/index.php\/wp-json\/wp\/v2\/media?parent=12754"}],"wp:term":[{"taxonomy":"category","embeddable":true,"href":"https:\/\/www.urfabugun.com\/index.php\/wp-json\/wp\/v2\/categories?post=12754"},{"taxonomy":"post_tag","embeddable":true,"href":"https:\/\/www.urfabugun.com\/index.php\/wp-json\/wp\/v2\/tags?post=12754"},{"taxonomy":"manset","embeddable":true,"href":"https:\/\/www.urfabugun.com\/index.php\/wp-json\/wp\/v2\/manset?post=12754"}],"curies":[{"name":"wp","href":"https:\/\/api.w.org\/{rel}","templated":true}]}}