{"id":12795,"date":"2024-03-08T18:44:00","date_gmt":"2024-03-08T15:44:00","guid":{"rendered":"https:\/\/www.urfabugun.com\/?p=12795"},"modified":"2024-03-08T18:46:48","modified_gmt":"2024-03-08T15:46:48","slug":"baskan-eyupoglu-dan-zeynel-abidin-beyazgule-tesekkur","status":"publish","type":"post","link":"https:\/\/www.urfabugun.com\/index.php\/2024\/03\/08\/baskan-eyupoglu-dan-zeynel-abidin-beyazgule-tesekkur\/","title":{"rendered":"Ba\u015fkan Ey\u00fcpo\u011flun&#8217;dan Zeynel Abidin Beyazg\u00fcl&#8217;e Te\u015fekk\u00fcr!"},"content":{"rendered":"\n<p><\/p>\n\n\n\n<p><strong>H\u0130ZMET-\u0130\u015e Sendikas\u0131 \u015eube Ba\u015fkan\u0131 Seydi Eyy\u00fcpo\u011flu, i\u015f\u00e7i maa\u015f\u0131na yap\u0131lan zamlar\u0131n ard\u0131ndan Ba\u015fkan Beyazg\u00fcl\u2019e desteklerinden dolay\u0131 te\u015fekk\u00fcr etti.<\/strong><\/p>\n\n\n\n<p>\u015eanl\u0131urfa B\u00fcy\u00fck\u015fehir Belediyesi b\u00fcnyesinde \u00e7al\u0131\u015fan personellere maa\u015f m\u00fcjdesinin ard\u0131ndan Ba\u015fkan Beyazg\u00fcl promosyon m\u00fcjdesini de a\u00e7\u0131klad\u0131. H\u0130ZMET-\u0130\u015e ba\u011fl\u0131 Hizmet \u0130\u015f Sendikas\u0131 aras\u0131nda yap\u0131lan toplu s\u00f6zle\u015fme ile en d\u00fc\u015f\u00fck i\u015f\u00e7i maa\u015f\u0131 34 bin lira oldu.<\/p>\n\n\n\n<p>H\u0130ZMET-\u0130\u015e Sendikas\u0131 \u015eube Ba\u015fkan\u0131 Seydi Eyy\u00fcpo\u011flu, yapt\u0131\u011f\u0131 bas\u0131n a\u00e7\u0131klamas\u0131nda Toplu i\u015f s\u00f6zle\u015fmesinin imzalanmas\u0131 s\u00fcrecinde emek\u00e7ilere olan deste\u011fini hi\u00e7bir zaman esirgemeyen \u015eanl\u0131urfa B\u00fcy\u00fck\u015fehir Belediye Ba\u015fkan\u0131 Zeynel Abidin Beyazg\u00fcl\u2019e te\u015fekk\u00fcr etti. Ey\u00fcpo\u011flu ayr\u0131ca Yar\u0131n t\u00fcm emek\u00e7i karde\u015flerini Erdo\u011fan\u0131n kat\u0131l\u0131m\u0131yla ger\u00e7ekle\u015fecek mitinge davet etti.<\/p>\n\n\n\n<blockquote class=\"wp-block-quote is-layout-flow wp-block-quote-is-layout-flow\">\n<p>Ba\u015fkan Ey\u00fcpo\u011flu a\u00e7\u0131klamas\u0131nda \u015fu ifadelere yer verdi;\u2019\u2019 Te\u015fkilat\u0131m\u0131z\u0131n de\u011ferli y\u00f6netici ve temsilcileri. \u015eanl\u0131urfa B\u00fcy\u00fck\u015fehir Belediyesi\u2019nde \u00e7al\u0131\u015fan emek\u00e7ilerimiz ad\u0131na 2024-2026 y\u0131llar\u0131 aras\u0131nda ge\u00e7erli olacak toplu i\u015f s\u00f6zle\u015fmesi i\u00e7in 24 Kas\u0131m 2023 tarihinde ba\u015flayan g\u00f6r\u00fc\u015fmeler, 5 Mart 2024 tarihinde taraflar\u0131n anla\u015fmas\u0131 ile sonu\u00e7lanm\u0131\u015ft\u0131r.<\/p>\n\n\n\n<p>Bu s\u00f6zle\u015fme ile \u00fccret art\u0131\u015f\u0131n\u0131n yan\u0131nda i\u015f\u00e7ilerimizin bir\u00e7ok sosyal haklar\u0131n\u0131 da art\u0131rarak toplu i\u015f s\u00f6zle\u015fmesine yeni kazan\u0131mlar ekledik.&nbsp; Toplu i\u015f s\u00f6zle\u015fmesi ile ilgili bir bilgilendirme toplant\u0131da sarf etti\u011fim ve tamam\u0131 yerine bir k\u0131sm\u0131 kesilerek payla\u015f\u0131lan a\u00e7\u0131klamalar\u0131mda yer alan \u201c%90\u2019l\u0131k art\u0131\u015f oran\u0131\u201d ifadesi, toplu i\u015f s\u00f6zle\u015fmesinde yer alan bir\u00e7ok maddi h\u00fck\u00fcmden sadece g\u00fcnl\u00fck \u00fccret bir tanesi ile ilgilidir.<\/p>\n\n\n\n<p>Toplu i\u015f s\u00f6zle\u015fmesinden \u00f6nce 16.150 TL olan en d\u00fc\u015f\u00fck i\u015f\u00e7i \u00fccreti, toplu i\u015f s\u00f6zle\u015fmesiyle 34.170 TL\u2019ye y\u00fckseltilerek %107 oran\u0131nda artt\u0131r\u0131lm\u0131\u015f, genel \u00fccretlerde ise %115\u2019e varan bir art\u0131\u015f sa\u011flanm\u0131\u015ft\u0131r.<\/p>\n\n\n\n<p>\u0130mzalanan bu toplu i\u015f s\u00f6zle\u015fmesi, gerek maddi gerekse idari \u015fartlar\u0131yla \u015eanl\u0131urfa ilimizin ve b\u00f6lgemizin en iyi toplu i\u015f s\u00f6zle\u015fmelerinden biri olmu\u015ftur.<\/p>\n\n\n\n<p>Toplu i\u015f s\u00f6zle\u015fmesinin imzalanmas\u0131 s\u00fcrecinde emek\u00e7ilere olan deste\u011fini hi\u00e7bir zaman bizlerden esirgemeyen \u015eanl\u0131urfa B\u00fcy\u00fck\u015fehir Belediye Ba\u015fkan\u0131m\u0131z Zeynel Abidin BEYAZG\u00dcL\u2019e ve ekibine te\u015fekk\u00fcr ediyorum.<\/p>\n\n\n\n<p>Se\u00e7ilmi\u015f oldu\u011fu g\u00fcnden bu g\u00fcne kadar ne zaman \u00fcyelerimiz ekonomik s\u0131k\u0131nt\u0131 \u00e7ekti\u011finde kap\u0131s\u0131n\u0131 \u00e7alsak bizleri bo\u015f \u00e7evirmemi\u015f ailelerimizle beraber \u00e7al\u0131\u015fanlar\u0131n duas\u0131n\u0131 alm\u0131\u015ft\u0131r. Bizler sendika ve \u00fcyelerimiz ad\u0131na kendisinden raz\u0131y\u0131z.<\/p>\n\n\n\n<p>Ayr\u0131ca \u00fclkemizin i\u015f\u00e7i hareketinin lideri olan HAK-\u0130\u015e Konfederasyonu Genel Ba\u015fkan\u0131 Mahmut ARSLAN\u2019a, s\u00fcrece yapt\u0131klar\u0131 katk\u0131dan dolay\u0131 bir kez daha kendilerine te\u015fekk\u00fcr etmek istiyorum.<\/p>\n\n\n\n<p>Toplu i\u015f s\u00f6zle\u015fmesi, gecesini g\u00fcnd\u00fcz\u00fcne katarak \u015fehrimize hizmet eden \u015eanl\u0131urfa B\u00fcy\u00fck\u015fehir Belediyesi emek\u00e7ilerine tekrar hay\u0131rl\u0131 ve bereketli olsun.\u2019\u2019<\/p>\n<\/blockquote>\n\n\n\n<figure class=\"wp-block-embed is-type-video is-provider-youtube wp-block-embed-youtube wp-embed-aspect-16-9 wp-has-aspect-ratio\"><div class=\"wp-block-embed__wrapper\">\n<iframe loading=\"lazy\" title=\"Ba\u015fkan Ey\u00fcpo\u011flun&#039;dan Zeynel Abidin Beyazg\u00fcl&#039;e Te\u015fekk\u00fcr!\" width=\"500\" height=\"281\" src=\"data:image\/png;base64,iVBORw0KGgoAAAANSUhEUgAAAAIAAAABCAQAAABeK7cBAAAAC0lEQVR42mNkAAIAAAoAAv\/lxKUAAAAASUVORK5CYII=\" data-src=\"https:\/\/www.youtube.com\/embed\/8G6Hprbopb4?feature=oembed\" frameborder=\"0\" allow=\"accelerometer; autoplay; clipboard-write; encrypted-media; gyroscope; picture-in-picture; web-share\" referrerpolicy=\"strict-origin-when-cross-origin\" class=\"kanews-lazy\" allowfullscreen><\/iframe>\n<\/div><\/figure>\n","protected":false},"excerpt":{"rendered":"<p>H\u0130ZMET-\u0130\u015e Sendikas\u0131 \u015eube Ba\u015fkan\u0131 Seydi Eyy\u00fcpo\u011flu, i\u015f\u00e7i maa\u015f\u0131na yap\u0131lan zamlar\u0131n ard\u0131ndan Ba\u015fkan Beyazg\u00fcl\u2019e desteklerinden dolay\u0131 te\u015fekk\u00fcr&#46;&#46;&#46;<\/p>\n","protected":false},"author":2,"featured_media":12797,"comment_status":"open","ping_status":"open","sticky":false,"template":"","format":"standard","meta":{"inline_featured_image":false,"footnotes":""},"categories":[82],"tags":[3826,3021,131,107],"manset":[],"class_list":["post-12795","post","type-post","status-publish","format-standard","has-post-thumbnail","hentry","category-gundem-haberleri","tag-hizmet-is-2","tag-seydi-eyupoglu","tag-son-dakika","tag-ub"],"_links":{"self":[{"href":"https:\/\/www.urfabugun.com\/index.php\/wp-json\/wp\/v2\/posts\/12795","targetHints":{"allow":["GET"]}}],"collection":[{"href":"https:\/\/www.urfabugun.com\/index.php\/wp-json\/wp\/v2\/posts"}],"about":[{"href":"https:\/\/www.urfabugun.com\/index.php\/wp-json\/wp\/v2\/types\/post"}],"author":[{"embeddable":true,"href":"https:\/\/www.urfabugun.com\/index.php\/wp-json\/wp\/v2\/users\/2"}],"replies":[{"embeddable":true,"href":"https:\/\/www.urfabugun.com\/index.php\/wp-json\/wp\/v2\/comments?post=12795"}],"version-history":[{"count":0,"href":"https:\/\/www.urfabugun.com\/index.php\/wp-json\/wp\/v2\/posts\/12795\/revisions"}],"wp:featuredmedia":[{"embeddable":true,"href":"https:\/\/www.urfabugun.com\/index.php\/wp-json\/wp\/v2\/media\/12797"}],"wp:attachment":[{"href":"https:\/\/www.urfabugun.com\/index.php\/wp-json\/wp\/v2\/media?parent=12795"}],"wp:term":[{"taxonomy":"category","embeddable":true,"href":"https:\/\/www.urfabugun.com\/index.php\/wp-json\/wp\/v2\/categories?post=12795"},{"taxonomy":"post_tag","embeddable":true,"href":"https:\/\/www.urfabugun.com\/index.php\/wp-json\/wp\/v2\/tags?post=12795"},{"taxonomy":"manset","embeddable":true,"href":"https:\/\/www.urfabugun.com\/index.php\/wp-json\/wp\/v2\/manset?post=12795"}],"curies":[{"name":"wp","href":"https:\/\/api.w.org\/{rel}","templated":true}]}}