{"id":12800,"date":"2024-03-08T18:42:44","date_gmt":"2024-03-08T15:42:44","guid":{"rendered":"https:\/\/www.urfabugun.com\/?p=12800"},"modified":"2024-03-08T18:44:21","modified_gmt":"2024-03-08T15:44:21","slug":"veteriner-hekim-ahirda-asi-yaparken-yaralandi","status":"publish","type":"post","link":"https:\/\/www.urfabugun.com\/index.php\/2024\/03\/08\/veteriner-hekim-ahirda-asi-yaparken-yaralandi\/","title":{"rendered":"Veteriner Hekim Ah\u0131rda A\u015f\u0131 Yaparken Yaraland\u0131!"},"content":{"rendered":"\n<p><\/p>\n\n\n\n<p><strong>\u015eanl\u0131urfa\u2019n\u0131n Harran il\u00e7esinde veteriner hekim a\u015f\u0131lama \u00e7al\u0131\u015fma s\u0131ras\u0131nda ah\u0131rda d\u00fc\u015fmesi sonucu yaraland\u0131.<\/strong><\/p>\n\n\n\n<p>Olay, Harran il\u00e7esi k\u0131rsal b\u00f6lgesinde meydana geldi. Al\u0131nan bilgilere g\u00f6re, Harran \u0130l\u00e7e Tar\u0131m ve Orman M\u00fcd\u00fcrl\u00fc\u011f\u00fc\u2019nde g\u00f6revli veteriner Hekim Ali \u0130hsan Ekmek\u00e7igil ah\u0131rda hayvanlara a\u015f\u0131 uygulamas\u0131 yaparken, dengesini kaybetmesi sonucu d\u00fc\u015ft\u00fc. Veteriner d\u00fc\u015fmesi sonucu yaraland\u0131. Arkada\u015flar\u0131 taraf\u0131ndan Hastaneye kald\u0131r\u0131lan Veteriner Hekim Ali \u0130hsan Ekmek\u00e7igil\u2019nin durumun iyi oldu\u011fun \u00f6\u011frenildi.<\/p>\n\n\n\n<p>\u015eanl\u0131urfa Tar\u0131m ve Orman \u0130l M\u00fcd\u00fcrl\u00fc\u011f\u00fc\u2019nden yap\u0131lan a\u00e7\u0131klamada; \u201cHarran \u0130l\u00e7e M\u00fcd\u00fcrl\u00fc\u011f\u00fc&#8217;m\u00fczde g\u00f6revli Veteriner Hekim Ali \u0130hsan EKMEK\u00c7\u0130G\u0130L a\u015f\u0131lama \u00e7al\u0131\u015fmalar\u0131 esnas\u0131nda ah\u0131rda d\u00fc\u015fmesi nedeniyle yaralanm\u0131\u015ft\u0131r. Tedavisi devam etmektedir. Bu gibi olaylar\u0131n tekrarlanmamas\u0131 temennisi ile personelimize acil \u015fifalar dileriz\u201d<\/p>\n","protected":false},"excerpt":{"rendered":"<p>\u015eanl\u0131urfa\u2019n\u0131n Harran il\u00e7esinde veteriner hekim a\u015f\u0131lama \u00e7al\u0131\u015fma s\u0131ras\u0131nda ah\u0131rda d\u00fc\u015fmesi sonucu yaraland\u0131. Olay, Harran il\u00e7esi k\u0131rsal&#46;&#46;&#46;<\/p>\n","protected":false},"author":2,"featured_media":12802,"comment_status":"open","ping_status":"open","sticky":false,"template":"","format":"standard","meta":{"inline_featured_image":false,"footnotes":""},"categories":[82],"tags":[118,131,107,3827],"manset":[],"class_list":["post-12800","post","type-post","status-publish","format-standard","has-post-thumbnail","hentry","category-gundem-haberleri","tag-sanliurfa","tag-son-dakika","tag-ub","tag-veteriner-hekim-ahirda-asi-yaparken-yaralandi"],"_links":{"self":[{"href":"https:\/\/www.urfabugun.com\/index.php\/wp-json\/wp\/v2\/posts\/12800","targetHints":{"allow":["GET"]}}],"collection":[{"href":"https:\/\/www.urfabugun.com\/index.php\/wp-json\/wp\/v2\/posts"}],"about":[{"href":"https:\/\/www.urfabugun.com\/index.php\/wp-json\/wp\/v2\/types\/post"}],"author":[{"embeddable":true,"href":"https:\/\/www.urfabugun.com\/index.php\/wp-json\/wp\/v2\/users\/2"}],"replies":[{"embeddable":true,"href":"https:\/\/www.urfabugun.com\/index.php\/wp-json\/wp\/v2\/comments?post=12800"}],"version-history":[{"count":0,"href":"https:\/\/www.urfabugun.com\/index.php\/wp-json\/wp\/v2\/posts\/12800\/revisions"}],"wp:featuredmedia":[{"embeddable":true,"href":"https:\/\/www.urfabugun.com\/index.php\/wp-json\/wp\/v2\/media\/12802"}],"wp:attachment":[{"href":"https:\/\/www.urfabugun.com\/index.php\/wp-json\/wp\/v2\/media?parent=12800"}],"wp:term":[{"taxonomy":"category","embeddable":true,"href":"https:\/\/www.urfabugun.com\/index.php\/wp-json\/wp\/v2\/categories?post=12800"},{"taxonomy":"post_tag","embeddable":true,"href":"https:\/\/www.urfabugun.com\/index.php\/wp-json\/wp\/v2\/tags?post=12800"},{"taxonomy":"manset","embeddable":true,"href":"https:\/\/www.urfabugun.com\/index.php\/wp-json\/wp\/v2\/manset?post=12800"}],"curies":[{"name":"wp","href":"https:\/\/api.w.org\/{rel}","templated":true}]}}