{"id":12830,"date":"2024-03-09T17:47:28","date_gmt":"2024-03-09T14:47:28","guid":{"rendered":"https:\/\/www.urfabugun.com\/?p=12830"},"modified":"2024-03-09T17:51:14","modified_gmt":"2024-03-09T14:51:14","slug":"erdogan-sanliurfada-70-bin-kisiye-hitap-etti","status":"publish","type":"post","link":"https:\/\/www.urfabugun.com\/index.php\/2024\/03\/09\/erdogan-sanliurfada-70-bin-kisiye-hitap-etti\/","title":{"rendered":"Erdo\u011fan \u015eanl\u0131urfa\u2019da 70 Bin Ki\u015fiye Hitap Etti!"},"content":{"rendered":"\n<p><\/p>\n\n\n\n<p><strong>Cumhurba\u015fkan\u0131 Recep Tayyip Erdo\u011fan \u015eanl\u0131urfa\u2019da 70 bin ki\u015fiye hitap etti.<\/strong><\/p>\n\n\n\n<p>AK Parti Genel Ba\u015fkan\u0131 ve Cumhurba\u015fkan\u0131 Recep Tayyip Erdo\u011fan Haliliye il\u00e7esi 18 Mart \u00c7anakkale Caddesi\u2019nde ger\u00e7ekle\u015ftirilen mitingde \u015eanl\u0131urfal\u0131lara sesleniyor.<\/p>\n\n\n\n<figure class=\"wp-block-image size-large\"><img loading=\"lazy\" decoding=\"async\" width=\"1024\" height=\"768\" src=\"https:\/\/www.urfabugun.com\/wp-content\/uploads\/2024\/03\/IMG_1997-1024x768.jpeg\" alt=\"\" class=\"wp-image-12834\"\/><\/figure>\n\n\n\n<p>D\u00f6rt d\u00f6nem AK Parti&#8217;den \u015eanl\u0131urfa milletvekilli\u011fi yapan Cumhurba\u015fkan\u0131 Erdo\u011fan&#8217;\u0131n dan\u0131\u015fmanlar\u0131ndan Kas\u0131m G\u00fclp\u0131nar&#8217;\u0131n Yeniden Refah Partisi&#8217;nin \u015eanl\u0131urfa aday\u0131 olmas\u0131n\u0131n yank\u0131lar\u0131 s\u00fcr\u00fcyor. Konuyla ilgili isim vermeden daha \u00f6nce ele\u015ftirilerde bulunan Erdo\u011fan, bug\u00fcnk\u00fc \u015eanl\u0131urfa mitinginde de \u00e7arp\u0131c\u0131 de\u011ferlendirmelerde bulundu.<\/p>\n\n\n\n<figure class=\"wp-block-image size-large\"><img loading=\"lazy\" decoding=\"async\" width=\"1024\" height=\"768\" src=\"https:\/\/www.urfabugun.com\/wp-content\/uploads\/2024\/03\/IMG_1996-1024x768.jpeg\" alt=\"\" class=\"wp-image-12833\"\/><\/figure>\n\n\n\n<p>&#8220;<strong>SIRF B\u0130ZE KAYBETT\u0130RMEK \u0130\u00c7\u0130N\u2026\u201d<\/strong><\/p>\n\n\n\n<p>\u0130sim vermeden Yeniden Refah Partisi&#8217;ne ve Kas\u0131m G\u00fclp\u0131nar&#8217;a g\u00f6ndermede bulunan Erdo\u011fan, &#8220;Hi\u00e7 kimsenin Cumhur \u0130ttifak\u0131&#8217;n\u0131n, AK Parti&#8217;nin, \u015fahs\u0131m\u0131z\u0131n g\u00f6lgesinde y\u00fcr\u00fcyerek s\u0131rf se\u00e7im kaybettirmek i\u00e7in ortada dola\u015fmas\u0131na r\u0131za g\u00f6stermeyiz. Rabbim hepsini \u0131slah etsin&#8221; ifadelerini kulland\u0131.<\/p>\n\n\n\n<figure class=\"wp-block-image size-large\"><img loading=\"lazy\" decoding=\"async\" width=\"1024\" height=\"669\" src=\"https:\/\/www.urfabugun.com\/wp-content\/uploads\/2024\/03\/IMG_2016-1024x669.jpeg\" alt=\"\" class=\"wp-image-12837\"\/><\/figure>\n\n\n\n<p><strong>ALANDAK\u0130 K\u0130\u015e\u0130 SAYISI 70 B\u0130N<\/strong><\/p>\n\n\n\n<p>Alanda 70 bin ki\u015finin oldu\u011funu belirten Erdo\u011fan, &#8220;Dedim ki emniyetten rakam\u0131 al\u0131n, alanda ne kadar ki\u015fi var. Rakam\u0131 ald\u0131m. Alanda \u015fu anda, verilen rakam 70 bin. Zaten \u015eanl\u0131urfa&#8217;ya da bu yak\u0131\u015f\u0131r. Dimdik ayaktay\u0131z. Meydanlara ve medyada esip g\u00fcrleyenlerin, milletimize verdikleri s\u00f6zleri yapmayacaklar\u0131 belli. \u00c7\u00fcnk\u00fc ge\u00e7mi\u015fte hep \u00f6yle oldu. 2019 se\u00e7imlerinde de ya\u015fad\u0131k. Meydanlarda \u00e7ok s\u00f6z verdiler, hi\u00e7birini yerine getirmediler. Siyasette aslolan s\u00f6z\u00fcn\u00fc yerine getirmektir&#8221; dedi.<\/p>\n\n\n\n<figure class=\"wp-block-video\"><video controls src=\"blob:https:\/\/www.urfabugun.com\/9b6b9b94-257d-4917-b98e-184adb3ff674\"><\/video><\/figure>\n","protected":false},"excerpt":{"rendered":"<p>Cumhurba\u015fkan\u0131 Recep Tayyip Erdo\u011fan \u015eanl\u0131urfa\u2019da 70 bin ki\u015fiye hitap etti. AK Parti Genel Ba\u015fkan\u0131 ve Cumhurba\u015fkan\u0131&#46;&#46;&#46;<\/p>\n","protected":false},"author":2,"featured_media":12836,"comment_status":"open","ping_status":"open","sticky":false,"template":"","format":"standard","meta":{"inline_featured_image":false,"footnotes":""},"categories":[82],"tags":[1830,3833,2603,130,93],"manset":[],"class_list":["post-12830","post","type-post","status-publish","format-standard","has-post-thumbnail","hentry","category-gundem-haberleri","tag-erdogan-2","tag-erdogan-sanliurfada-70-bin-kisiye-hitap-etti","tag-sanliurfa-5","tag-urfa","tag-ust"],"_links":{"self":[{"href":"https:\/\/www.urfabugun.com\/index.php\/wp-json\/wp\/v2\/posts\/12830","targetHints":{"allow":["GET"]}}],"collection":[{"href":"https:\/\/www.urfabugun.com\/index.php\/wp-json\/wp\/v2\/posts"}],"about":[{"href":"https:\/\/www.urfabugun.com\/index.php\/wp-json\/wp\/v2\/types\/post"}],"author":[{"embeddable":true,"href":"https:\/\/www.urfabugun.com\/index.php\/wp-json\/wp\/v2\/users\/2"}],"replies":[{"embeddable":true,"href":"https:\/\/www.urfabugun.com\/index.php\/wp-json\/wp\/v2\/comments?post=12830"}],"version-history":[{"count":0,"href":"https:\/\/www.urfabugun.com\/index.php\/wp-json\/wp\/v2\/posts\/12830\/revisions"}],"wp:featuredmedia":[{"embeddable":true,"href":"https:\/\/www.urfabugun.com\/index.php\/wp-json\/wp\/v2\/media\/12836"}],"wp:attachment":[{"href":"https:\/\/www.urfabugun.com\/index.php\/wp-json\/wp\/v2\/media?parent=12830"}],"wp:term":[{"taxonomy":"category","embeddable":true,"href":"https:\/\/www.urfabugun.com\/index.php\/wp-json\/wp\/v2\/categories?post=12830"},{"taxonomy":"post_tag","embeddable":true,"href":"https:\/\/www.urfabugun.com\/index.php\/wp-json\/wp\/v2\/tags?post=12830"},{"taxonomy":"manset","embeddable":true,"href":"https:\/\/www.urfabugun.com\/index.php\/wp-json\/wp\/v2\/manset?post=12830"}],"curies":[{"name":"wp","href":"https:\/\/api.w.org\/{rel}","templated":true}]}}