{"id":12982,"date":"2024-03-14T14:26:59","date_gmt":"2024-03-14T11:26:59","guid":{"rendered":"https:\/\/www.urfabugun.com\/?p=12982"},"modified":"2024-03-14T14:27:13","modified_gmt":"2024-03-14T11:27:13","slug":"eyyubiyenin-tercihi-mehmet-kus","status":"publish","type":"post","link":"https:\/\/www.urfabugun.com\/index.php\/2024\/03\/14\/eyyubiyenin-tercihi-mehmet-kus\/","title":{"rendered":"Eyy\u00fcbiye\u2019nin Tercihi Mehmet Ku\u015f!"},"content":{"rendered":"\n<p><\/p>\n\n\n\n<p><strong>2024 yerel se\u00e7imlere say\u0131l\u0131 g\u00fcnler kala Eyy\u00fcbiye\u2019de ya\u015fayan vatanda\u015flar mevcut ba\u015fkanla yola devam etmek istediklerini belirtti.<\/strong><\/p>\n\n\n\n<p>31 Mart 2024 yerel se\u00e7imlere say\u0131l\u0131 g\u00fcnler kala Eyy\u00fcbiye\u2019de se\u00e7imin nabz\u0131n\u0131 tuttuk.<\/p>\n\n\n\n<figure class=\"wp-block-image size-large\"><img loading=\"lazy\" decoding=\"async\" width=\"1024\" height=\"683\" src=\"https:\/\/www.urfabugun.com\/wp-content\/uploads\/2024\/03\/GIf2garXwAATsO7-1024x683.jpg\" alt=\"\" class=\"wp-image-12985\"\/><\/figure>\n\n\n\n<p>Sahada vatanda\u015flara Eyy\u00fcbiye\u2019de hangi ba\u015fkan\u0131 destekliyorsunuz diye sorduk?<\/p>\n\n\n\n<p>Vatanda\u015flar mevcut ba\u015fkan Mehmet Ku\u015fun \u00e7al\u0131\u015fmalar\u0131ndan memnun olduklar\u0131n\u0131 dile getirerek tekrardan mevcut ba\u015fkanla yola devam etmek istediklerini belirttiler.<\/p>\n\n\n\n<p><\/p>\n\n\n\n<figure class=\"wp-block-video\"><video height=\"1920\" style=\"aspect-ratio: 1080 \/ 1920;\" width=\"1080\" autoplay controls src=\"https:\/\/www.urfabugun.com\/wp-content\/uploads\/2024\/03\/IMG_2242.mp4\"><\/video><\/figure>\n","protected":false},"excerpt":{"rendered":"<p>2024 yerel se\u00e7imlere say\u0131l\u0131 g\u00fcnler kala Eyy\u00fcbiye\u2019de ya\u015fayan vatanda\u015flar mevcut ba\u015fkanla yola devam etmek istediklerini belirtti.&#46;&#46;&#46;<\/p>\n","protected":false},"author":2,"featured_media":12984,"comment_status":"open","ping_status":"open","sticky":false,"template":"","format":"standard","meta":{"inline_featured_image":false,"footnotes":""},"categories":[82],"tags":[194,134,118,213,131,107,608,93],"manset":[],"class_list":["post-12982","post","type-post","status-publish","format-standard","has-post-thumbnail","hentry","category-gundem-haberleri","tag-eyyubiye","tag-mehmet-kus","tag-sanliurfa","tag-secim","tag-son-dakika","tag-ub","tag-urfa-bugun","tag-ust"],"_links":{"self":[{"href":"https:\/\/www.urfabugun.com\/index.php\/wp-json\/wp\/v2\/posts\/12982","targetHints":{"allow":["GET"]}}],"collection":[{"href":"https:\/\/www.urfabugun.com\/index.php\/wp-json\/wp\/v2\/posts"}],"about":[{"href":"https:\/\/www.urfabugun.com\/index.php\/wp-json\/wp\/v2\/types\/post"}],"author":[{"embeddable":true,"href":"https:\/\/www.urfabugun.com\/index.php\/wp-json\/wp\/v2\/users\/2"}],"replies":[{"embeddable":true,"href":"https:\/\/www.urfabugun.com\/index.php\/wp-json\/wp\/v2\/comments?post=12982"}],"version-history":[{"count":0,"href":"https:\/\/www.urfabugun.com\/index.php\/wp-json\/wp\/v2\/posts\/12982\/revisions"}],"wp:featuredmedia":[{"embeddable":true,"href":"https:\/\/www.urfabugun.com\/index.php\/wp-json\/wp\/v2\/media\/12984"}],"wp:attachment":[{"href":"https:\/\/www.urfabugun.com\/index.php\/wp-json\/wp\/v2\/media?parent=12982"}],"wp:term":[{"taxonomy":"category","embeddable":true,"href":"https:\/\/www.urfabugun.com\/index.php\/wp-json\/wp\/v2\/categories?post=12982"},{"taxonomy":"post_tag","embeddable":true,"href":"https:\/\/www.urfabugun.com\/index.php\/wp-json\/wp\/v2\/tags?post=12982"},{"taxonomy":"manset","embeddable":true,"href":"https:\/\/www.urfabugun.com\/index.php\/wp-json\/wp\/v2\/manset?post=12982"}],"curies":[{"name":"wp","href":"https:\/\/api.w.org\/{rel}","templated":true}]}}