{"id":13085,"date":"2024-03-19T11:09:34","date_gmt":"2024-03-19T08:09:34","guid":{"rendered":"https:\/\/www.urfabugun.com\/?p=13085"},"modified":"2024-03-19T11:09:41","modified_gmt":"2024-03-19T08:09:41","slug":"mehmet-kasim-gulpinar-kirsal-mahalle-ziyaretlerini-surduruyor","status":"publish","type":"post","link":"https:\/\/www.urfabugun.com\/index.php\/2024\/03\/19\/mehmet-kasim-gulpinar-kirsal-mahalle-ziyaretlerini-surduruyor\/","title":{"rendered":"Mehmet Kas\u0131m G\u00fclp\u0131nar K\u0131rsal Mahalle Ziyaretlerini S\u00fcrd\u00fcr\u00fcyor!"},"content":{"rendered":"\n<p><\/p>\n\n\n\n<p><strong>Yeniden Refah Partisi ( YRP) \u015eanl\u0131urfa B\u00fcy\u00fck\u015fehir Belediye Ba\u015fkan Aday\u0131 Mehmet Kas\u0131m G\u00fclp\u0131nar ve Yeniden Refah Partisi ( YRP) Eyy\u00fcbiye Belediye Ba\u015fkan Aday\u0131 Mehmet Ekinci k\u0131rsal mahalleleri ziyaret etti. Gittikleri her mahallede b\u00fcy\u00fck ilgi g\u00f6ren Mehmet Kas\u0131m G\u00fclp\u0131nar ve beraberindeki heyet, vatanda\u015flarla \u00f6zel olarak ilgilendi.<\/strong><\/p>\n\n\n\n<p>31 Mart\u2019ta d\u00fczenlenecek mahalli idareler se\u00e7imlerine y\u00f6nelik saha \u00e7al\u0131\u015fmalar\u0131na ara vermeden devam eden Yeniden Refah Partisi ( YRP) \u015eanl\u0131urfa B\u00fcy\u00fck\u015fehir Belediye Ba\u015fkan Aday\u0131 Mehmet Kas\u0131m G\u00fclp\u0131nar ve Yeniden Refah Partisi ( YRP) Eyy\u00fcbiye Belediye Ba\u015fkan Aday\u0131 Mehmet Ekinci,&nbsp; Eyy\u00fcbiye il\u00e7esinin k\u0131rsal mahallelerinden Kubac\u0131k Mahallesi sakinlerine misafir oldu.&nbsp;<\/p>\n\n\n\n<p>aEyy\u00fcbiye\u2019nin k\u0131rsal mahallelerinden Kubac\u0131k Mahallesi sakinleriyle&nbsp; bir araya gelen Mehmet Kas\u0131m G\u00fclp\u0131nar ve Mehmet Ekinci, vatanda\u015flarla hasbihal etti.&nbsp; Daha sonra Melle Halaf kubac\u0131\u011f\u0131n evindeki toplant\u0131ya kat\u0131lan G\u00fclp\u0131nar ve Ekinci Eyy\u00fcbiye ve \u015eanl\u0131urfa ile ilgili yapacaklar\u0131 projeler hakk\u0131nda mahalle sakinlerine bilgi verdi.<\/p>\n\n\n\n<p>Programlar\u0131na devam eden G\u00fclp\u0131nar ve Ekinci\u2019nin bir sonraki dura\u011f\u0131 ise Yolba\u015f\u0131 Mahallesi oldu. \u015eafak Acar ve H\u00fcseyin el Ubadi\u2019nin hanelerine konuk olan G\u00fclp\u0131nar ve Ekinci Bini \u0130cil A\u015fireti mensuplar\u0131yla bir araya gelerek sohbet etti.<\/p>\n\n\n\n<p><strong>\u201cDE\u011e\u0130\u015e\u0130M \u0130ST\u0130YORUZ\u201d<\/strong><\/p>\n\n\n\n<p>Yeniden Refah Partisi ( YRP) \u015eanl\u0131urfa B\u00fcy\u00fck\u015fehir Belediye Ba\u015fkan Aday\u0131 Mehmet Kas\u0131m G\u00fclp\u0131nar ve Yeniden Refah Partisi ( YRP) Eyy\u00fcbiye Belediye Ba\u015fkan Aday\u0131 Mehmet Ekinci&#8217;nin ziyaret etti\u011fi Kubac\u0131k Mahallesi sakinleri, \u015eanl\u0131urfa\u2019n\u0131n d\u00fcr\u00fcst siyaset\u00e7isi ilerideki b\u00fcy\u00fck\u015fehir ba\u015fkan\u0131m\u0131z Mehmet Kas\u0131m G\u00fclp\u0131nar ve&nbsp; Eyy\u00fcbiye Belediyesi Eski Ba\u015fkan\u0131 ve ayn\u0131 zamanda kurucu ba\u015fkan\u0131m\u0131z&nbsp; olan Mehmet Ekinci,<\/p>\n\n\n\n<p>bug\u00fcn&nbsp; ziyaretimize geldi. Ho\u015f geldi, \u015feref verdi. Onlara inanc\u0131m\u0131z tam. Her iki ismide belediye ba\u015fkan\u0131 yapaca\u011f\u0131z dediler.<\/p>\n","protected":false},"excerpt":{"rendered":"<p>Yeniden Refah Partisi ( YRP) \u015eanl\u0131urfa B\u00fcy\u00fck\u015fehir Belediye Ba\u015fkan Aday\u0131 Mehmet Kas\u0131m G\u00fclp\u0131nar ve Yeniden Refah&#46;&#46;&#46;<\/p>\n","protected":false},"author":2,"featured_media":13087,"comment_status":"open","ping_status":"open","sticky":false,"template":"","format":"standard","meta":{"inline_featured_image":false,"footnotes":""},"categories":[82],"tags":[3668,3253,118,131,107,3521],"manset":[],"class_list":["post-13085","post","type-post","status-publish","format-standard","has-post-thumbnail","hentry","category-gundem-haberleri","tag-mehmet-ekinci","tag-mehmet-kasim-gulpinar","tag-sanliurfa","tag-son-dakika","tag-ub","tag-yeniden-refah"],"_links":{"self":[{"href":"https:\/\/www.urfabugun.com\/index.php\/wp-json\/wp\/v2\/posts\/13085","targetHints":{"allow":["GET"]}}],"collection":[{"href":"https:\/\/www.urfabugun.com\/index.php\/wp-json\/wp\/v2\/posts"}],"about":[{"href":"https:\/\/www.urfabugun.com\/index.php\/wp-json\/wp\/v2\/types\/post"}],"author":[{"embeddable":true,"href":"https:\/\/www.urfabugun.com\/index.php\/wp-json\/wp\/v2\/users\/2"}],"replies":[{"embeddable":true,"href":"https:\/\/www.urfabugun.com\/index.php\/wp-json\/wp\/v2\/comments?post=13085"}],"version-history":[{"count":0,"href":"https:\/\/www.urfabugun.com\/index.php\/wp-json\/wp\/v2\/posts\/13085\/revisions"}],"wp:featuredmedia":[{"embeddable":true,"href":"https:\/\/www.urfabugun.com\/index.php\/wp-json\/wp\/v2\/media\/13087"}],"wp:attachment":[{"href":"https:\/\/www.urfabugun.com\/index.php\/wp-json\/wp\/v2\/media?parent=13085"}],"wp:term":[{"taxonomy":"category","embeddable":true,"href":"https:\/\/www.urfabugun.com\/index.php\/wp-json\/wp\/v2\/categories?post=13085"},{"taxonomy":"post_tag","embeddable":true,"href":"https:\/\/www.urfabugun.com\/index.php\/wp-json\/wp\/v2\/tags?post=13085"},{"taxonomy":"manset","embeddable":true,"href":"https:\/\/www.urfabugun.com\/index.php\/wp-json\/wp\/v2\/manset?post=13085"}],"curies":[{"name":"wp","href":"https:\/\/api.w.org\/{rel}","templated":true}]}}