{"id":13110,"date":"2024-03-20T15:24:48","date_gmt":"2024-03-20T12:24:48","guid":{"rendered":"https:\/\/www.urfabugun.com\/?p=13110"},"modified":"2024-03-20T15:24:57","modified_gmt":"2024-03-20T12:24:57","slug":"ovgun-ahmet-ercan-uyardi-6-buyuklugunde-depremlere-hazir-olun","status":"publish","type":"post","link":"https:\/\/www.urfabugun.com\/index.php\/2024\/03\/20\/ovgun-ahmet-ercan-uyardi-6-buyuklugunde-depremlere-hazir-olun\/","title":{"rendered":"\u00d6vg\u00fcn Ahmet Ercan Uyard\u0131: &#8220;6 B\u00fcy\u00fckl\u00fc\u011f\u00fcnde Depremlere Haz\u0131r Olun&#8221;"},"content":{"rendered":"\n<p><\/p>\n\n\n\n<p><strong>Yalova a\u00e7\u0131klar\u0131nda bu sabah saatlerinde meydana gelen deprem endi\u015fe yaratt\u0131.<\/strong><\/p>\n\n\n\n<p>\u0130stanbul depremine her ge\u00e7en g\u00fcn daha da yakla\u015f\u0131ld\u0131\u011f\u0131 uyar\u0131lar\u0131 s\u00fcrerken Marmara, bu sabah meydana gelen depremle panikledi. \u0130stanbul&#8217;da da hissedilen depremin merkez \u00fcss\u00fc Yalova a\u00e7\u0131klar\u0131 olarak a\u00e7\u0131klan\u0131rken, depremin b\u00fcy\u00fckl\u00fc\u011f\u00fcn\u00fc ise AFAD 3.5 olarak duyurdu.<\/p>\n\n\n\n<p>Saat 09.21&#8217;de Marmara Denizi&#8217;nde meydana gelen depremin ard\u0131ndan ak\u0131llara &#8220;\u0130stanbul depremini tetikler mi? \u0130stanbul depremine etkisi ne olur? B\u00fcy\u00fck deprem yakla\u015f\u0131yor mu?&#8221; sorular\u0131 geldi. Konuyla ilgili a\u00e7\u0131klamalarda bulunan deprem uzman\u0131 Prof. Dr. \u00d6vg\u00fcn Ahmet Ercan, hem rahatlatt\u0131 hem de uyard\u0131. Ercan, \u015fu ifadeleri kulland\u0131;<\/p>\n\n\n\n<p>&#8220;BUNLAR DEPREM DE\u011e\u0130L DEPREMC\u0130K&#8221;<\/p>\n\n\n\n<p>&#8220;Bizler 4&#8217;ten daha k\u00fc\u00e7\u00fck olan sars\u0131nt\u0131lara deprem de\u011fil, depremcik diyoruz. Bu depremciklerin bilimsel veri d\u0131\u015f\u0131nda herhangi bir tehlikesi s\u00f6z konusu de\u011fil.<\/p>\n\n\n\n<p>&#8220;B\u00d6LGEDE \u00c7OK DAHA B\u00dcY\u00dcK DEPREMLER\u0130 G\u00d6RECE\u011e\u0130Z&#8221;<\/p>\n\n\n\n<p>Beklenen b\u00fcy\u00fck \u0130stanbul depreminin ayak sesleri de de\u011fil. Dolay\u0131s\u0131yla Kuzey Marmara&#8217;da deprem olmadan \u00f6nce bunun gibi hatta bundan \u00e7ok daha b\u00fcy\u00fck 5, 5.5 ve 6 b\u00fcy\u00fckl\u00fc\u011f\u00fcndeki depremleri bizler g\u00f6rece\u011fiz.<\/p>\n","protected":false},"excerpt":{"rendered":"<p>Yalova a\u00e7\u0131klar\u0131nda bu sabah saatlerinde meydana gelen deprem endi\u015fe yaratt\u0131. \u0130stanbul depremine her ge\u00e7en g\u00fcn daha&#46;&#46;&#46;<\/p>\n","protected":false},"author":2,"featured_media":13112,"comment_status":"open","ping_status":"open","sticky":false,"template":"","format":"standard","meta":{"inline_featured_image":false,"footnotes":""},"categories":[82],"tags":[178,3895,118,131,107,130],"manset":[],"class_list":["post-13110","post","type-post","status-publish","format-standard","has-post-thumbnail","hentry","category-gundem-haberleri","tag-deprem","tag-ovgun-ahmet-ercan-uyardi-6-buyuklugunde-depremlere-hazir-olun","tag-sanliurfa","tag-son-dakika","tag-ub","tag-urfa"],"_links":{"self":[{"href":"https:\/\/www.urfabugun.com\/index.php\/wp-json\/wp\/v2\/posts\/13110","targetHints":{"allow":["GET"]}}],"collection":[{"href":"https:\/\/www.urfabugun.com\/index.php\/wp-json\/wp\/v2\/posts"}],"about":[{"href":"https:\/\/www.urfabugun.com\/index.php\/wp-json\/wp\/v2\/types\/post"}],"author":[{"embeddable":true,"href":"https:\/\/www.urfabugun.com\/index.php\/wp-json\/wp\/v2\/users\/2"}],"replies":[{"embeddable":true,"href":"https:\/\/www.urfabugun.com\/index.php\/wp-json\/wp\/v2\/comments?post=13110"}],"version-history":[{"count":0,"href":"https:\/\/www.urfabugun.com\/index.php\/wp-json\/wp\/v2\/posts\/13110\/revisions"}],"wp:featuredmedia":[{"embeddable":true,"href":"https:\/\/www.urfabugun.com\/index.php\/wp-json\/wp\/v2\/media\/13112"}],"wp:attachment":[{"href":"https:\/\/www.urfabugun.com\/index.php\/wp-json\/wp\/v2\/media?parent=13110"}],"wp:term":[{"taxonomy":"category","embeddable":true,"href":"https:\/\/www.urfabugun.com\/index.php\/wp-json\/wp\/v2\/categories?post=13110"},{"taxonomy":"post_tag","embeddable":true,"href":"https:\/\/www.urfabugun.com\/index.php\/wp-json\/wp\/v2\/tags?post=13110"},{"taxonomy":"manset","embeddable":true,"href":"https:\/\/www.urfabugun.com\/index.php\/wp-json\/wp\/v2\/manset?post=13110"}],"curies":[{"name":"wp","href":"https:\/\/api.w.org\/{rel}","templated":true}]}}