{"id":13153,"date":"2024-03-22T11:14:45","date_gmt":"2024-03-22T08:14:45","guid":{"rendered":"https:\/\/www.urfabugun.com\/?p=13153"},"modified":"2024-03-22T11:16:31","modified_gmt":"2024-03-22T08:16:31","slug":"tarim-ve-orman-bakani-ibrahim-yumakli-baskan-beyazgule-ziyaret","status":"publish","type":"post","link":"https:\/\/www.urfabugun.com\/index.php\/2024\/03\/22\/tarim-ve-orman-bakani-ibrahim-yumakli-baskan-beyazgule-ziyaret\/","title":{"rendered":"Tar\u0131m Ve Orman Bakan\u0131 \u0130brahim Yumakl\u0131 Ba\u015fkan Beyazg\u00fcl\u2019e Ziyaret!"},"content":{"rendered":"\n<p><\/p>\n\n\n\n<p><strong>Bir dizi programa kat\u0131lmak \u00fczere \u015eanl\u0131urfa\u2019ya gelen Tar\u0131m ve Orman Bakan\u0131 \u0130brahim Yumakl\u0131, \u015eanl\u0131urfa B\u00fcy\u00fck\u015fehir Belediyesini ziyaret etti.<\/strong><\/p>\n\n\n\n<p>\u00c7e\u015fitli temaslarda bulunmak \u00fczere \u015eanl\u0131urfa&#8217;ya gelen Tar\u0131m ve Orman Bakan\u0131 \u0130brahim Yumakl\u0131, \u015eanl\u0131urfa B\u00fcy\u00fck\u015fehir Belediye Ba\u015fkan\u0131 Zeynel Abidin Beyazg\u00fcl&#8217;\u00fc makam\u0131nda ziyaret ederek kentte y\u00fcr\u00fct\u00fclen \u00e7al\u0131\u015fmalar hakk\u0131nda bilgi ald\u0131.<\/p>\n\n\n\n\n\n<p>Ziyarete TBMM Ba\u015fkanvekili ve AK Parti \u015eanl\u0131urfa Milletvekili Bekir Bozda\u011f, \u015eanl\u0131urfa Valisi Hasan \u015e\u0131ldak, AK Parti \u015eanl\u0131urfa \u0130l Ba\u015fkan\u0131 Ali \u0130hsan Delio\u011flu, AK Parti \u015eanl\u0131urfa Milletvekilleri Emin \u00d6nen, Abdurrahim Dusak ve TBMM \u0130dare Amiri AK Parti \u015eanl\u0131urfa Milletvekili \u0130brahim Eyy\u00fcpo\u011flu ve kurum amirleri de e\u015flik etti.<\/p>\n","protected":false},"excerpt":{"rendered":"<p>Bir dizi programa kat\u0131lmak \u00fczere \u015eanl\u0131urfa\u2019ya gelen Tar\u0131m ve Orman Bakan\u0131 \u0130brahim Yumakl\u0131, \u015eanl\u0131urfa B\u00fcy\u00fck\u015fehir Belediyesini&#46;&#46;&#46;<\/p>\n","protected":false},"author":2,"featured_media":13164,"comment_status":"open","ping_status":"open","sticky":false,"template":"","format":"standard","meta":{"inline_featured_image":false,"footnotes":""},"categories":[82],"tags":[131,3914,107],"manset":[],"class_list":["post-13153","post","type-post","status-publish","format-standard","has-post-thumbnail","hentry","category-gundem-haberleri","tag-son-dakika","tag-tarim-ve-orman-bakani-ibrahim-yumakli-baskan-beyazgule-ziyaret","tag-ub"],"_links":{"self":[{"href":"https:\/\/www.urfabugun.com\/index.php\/wp-json\/wp\/v2\/posts\/13153","targetHints":{"allow":["GET"]}}],"collection":[{"href":"https:\/\/www.urfabugun.com\/index.php\/wp-json\/wp\/v2\/posts"}],"about":[{"href":"https:\/\/www.urfabugun.com\/index.php\/wp-json\/wp\/v2\/types\/post"}],"author":[{"embeddable":true,"href":"https:\/\/www.urfabugun.com\/index.php\/wp-json\/wp\/v2\/users\/2"}],"replies":[{"embeddable":true,"href":"https:\/\/www.urfabugun.com\/index.php\/wp-json\/wp\/v2\/comments?post=13153"}],"version-history":[{"count":0,"href":"https:\/\/www.urfabugun.com\/index.php\/wp-json\/wp\/v2\/posts\/13153\/revisions"}],"wp:featuredmedia":[{"embeddable":true,"href":"https:\/\/www.urfabugun.com\/index.php\/wp-json\/wp\/v2\/media\/13164"}],"wp:attachment":[{"href":"https:\/\/www.urfabugun.com\/index.php\/wp-json\/wp\/v2\/media?parent=13153"}],"wp:term":[{"taxonomy":"category","embeddable":true,"href":"https:\/\/www.urfabugun.com\/index.php\/wp-json\/wp\/v2\/categories?post=13153"},{"taxonomy":"post_tag","embeddable":true,"href":"https:\/\/www.urfabugun.com\/index.php\/wp-json\/wp\/v2\/tags?post=13153"},{"taxonomy":"manset","embeddable":true,"href":"https:\/\/www.urfabugun.com\/index.php\/wp-json\/wp\/v2\/manset?post=13153"}],"curies":[{"name":"wp","href":"https:\/\/api.w.org\/{rel}","templated":true}]}}