{"id":13155,"date":"2024-03-21T16:48:07","date_gmt":"2024-03-21T13:48:07","guid":{"rendered":"https:\/\/www.urfabugun.com\/?p=13155"},"modified":"2024-03-21T16:48:13","modified_gmt":"2024-03-21T13:48:13","slug":"sanliurfada-otomobil-agaca-carpti-1-agir-yarali","status":"publish","type":"post","link":"https:\/\/www.urfabugun.com\/index.php\/2024\/03\/21\/sanliurfada-otomobil-agaca-carpti-1-agir-yarali\/","title":{"rendered":"\u015eanl\u0131urfa\u2019da Otomobil A\u011faca \u00c7arpt\u0131: 1 A\u011f\u0131r Yaral\u0131!"},"content":{"rendered":"\n<p><\/p>\n\n\n\n<p><strong>\u015eanl\u0131urfa\u2019n\u0131n Ceylanp\u0131nar il\u00e7esinde karayolunda kontrolden \u00e7\u0131kan otomobilin a\u011faca \u00e7arpt\u0131. Meydana gelen kazada s\u00fcr\u00fcc\u00fc a\u011f\u0131r yaraland\u0131.<\/strong><br>Kaza, Ceylanp\u0131nar-Viran\u015fehir karayolunda bulunan ta\u015f oca\u011f\u0131 mevkiinde meydana geldi. \u0130ddiaya g\u00f6re, A.K. y\u00f6netimindeki 52 SE 232 plakal\u0131 otomobil, s\u00fcr\u00fcc\u00fcn\u00fcn direksiyon hakimiyetini kaybetmesi sonucu otomobil kontrol\u00fcnden \u00e7\u0131karak yol kenar\u0131nda bulunan a\u011faca \u00e7arpt\u0131. \u00c7arpman\u0131n etkisi ile s\u00fcr\u00fcc\u00fc a\u011f\u0131r yaraland\u0131.<br>S\u00fcr\u00fcc\u00fclerin ihbar\u0131 \u00fczerine olay yerine sa\u011fl\u0131k ekibi sevk edildi. Yaral\u0131 s\u00fcr\u00fcc\u00fc ara\u00e7tan \u00e7\u0131kart\u0131larak olay yerinde yap\u0131lan ilk m\u00fcdahalenin ard\u0131ndan ambulans ile Ceylanp\u0131nar Devlet Hastanesine kald\u0131r\u0131ld\u0131.<br>Kazayla ilgili soru\u015fturma ba\u015flat\u0131ld\u0131.<\/p>\n","protected":false},"excerpt":{"rendered":"<p>\u015eanl\u0131urfa\u2019n\u0131n Ceylanp\u0131nar il\u00e7esinde karayolunda kontrolden \u00e7\u0131kan otomobilin a\u011faca \u00e7arpt\u0131. Meydana gelen kazada s\u00fcr\u00fcc\u00fc a\u011f\u0131r yaraland\u0131.Kaza, Ceylanp\u0131nar-Viran\u015fehir&#46;&#46;&#46;<\/p>\n","protected":false},"author":2,"featured_media":13157,"comment_status":"open","ping_status":"open","sticky":false,"template":"","format":"standard","meta":{"inline_featured_image":false,"footnotes":""},"categories":[75],"tags":[184,3911,131,107],"manset":[],"class_list":["post-13155","post","type-post","status-publish","format-standard","has-post-thumbnail","hentry","category-asayis-haberleri","tag-asayis","tag-sanliurfada-otomobil-agaca-carpti-1-agir-yarali","tag-son-dakika","tag-ub"],"_links":{"self":[{"href":"https:\/\/www.urfabugun.com\/index.php\/wp-json\/wp\/v2\/posts\/13155","targetHints":{"allow":["GET"]}}],"collection":[{"href":"https:\/\/www.urfabugun.com\/index.php\/wp-json\/wp\/v2\/posts"}],"about":[{"href":"https:\/\/www.urfabugun.com\/index.php\/wp-json\/wp\/v2\/types\/post"}],"author":[{"embeddable":true,"href":"https:\/\/www.urfabugun.com\/index.php\/wp-json\/wp\/v2\/users\/2"}],"replies":[{"embeddable":true,"href":"https:\/\/www.urfabugun.com\/index.php\/wp-json\/wp\/v2\/comments?post=13155"}],"version-history":[{"count":0,"href":"https:\/\/www.urfabugun.com\/index.php\/wp-json\/wp\/v2\/posts\/13155\/revisions"}],"wp:featuredmedia":[{"embeddable":true,"href":"https:\/\/www.urfabugun.com\/index.php\/wp-json\/wp\/v2\/media\/13157"}],"wp:attachment":[{"href":"https:\/\/www.urfabugun.com\/index.php\/wp-json\/wp\/v2\/media?parent=13155"}],"wp:term":[{"taxonomy":"category","embeddable":true,"href":"https:\/\/www.urfabugun.com\/index.php\/wp-json\/wp\/v2\/categories?post=13155"},{"taxonomy":"post_tag","embeddable":true,"href":"https:\/\/www.urfabugun.com\/index.php\/wp-json\/wp\/v2\/tags?post=13155"},{"taxonomy":"manset","embeddable":true,"href":"https:\/\/www.urfabugun.com\/index.php\/wp-json\/wp\/v2\/manset?post=13155"}],"curies":[{"name":"wp","href":"https:\/\/api.w.org\/{rel}","templated":true}]}}