{"id":13320,"date":"2024-03-28T12:24:16","date_gmt":"2024-03-28T09:24:16","guid":{"rendered":"https:\/\/www.urfabugun.com\/?p=13320"},"modified":"2024-03-28T12:24:22","modified_gmt":"2024-03-28T09:24:22","slug":"turkiye-pazar-gunu-sandiga-gidecek","status":"publish","type":"post","link":"https:\/\/www.urfabugun.com\/index.php\/2024\/03\/28\/turkiye-pazar-gunu-sandiga-gidecek\/","title":{"rendered":"T\u00fcrkiye Pazar G\u00fcn\u00fc Sand\u0131\u011fa Gidecek!"},"content":{"rendered":"\n<p><\/p>\n\n\n\n<p><strong>31 Mart Pazar g\u00fcn\u00fc yap\u0131lacak yerel se\u00e7imlere \u00fc\u00e7 g\u00fcn kald\u0131. Y\u00fcksek Se\u00e7im Kurulu&#8217;nun a\u00e7\u0131klad\u0131\u011f\u0131 se\u00e7im takvimi i\u015flemeye devam ediyor. Se\u00e7im ara\u00e7 ve gere\u00e7lerini i\u00e7eren malzeme torbalar\u0131 haz\u0131rland\u0131. \u0130l ve il\u00e7e merkezi d\u0131\u015f\u0131ndaki yerlerde malzemeler sand\u0131k kurulu ba\u015fkanlar\u0131na yar\u0131n teslim edilecek.<\/strong><\/p>\n\n\n\n<p><strong>T\u00dcRK\u0130YE PAZAR G\u00dcN\u00dc SANDI\u011eA G\u0130DECEK<\/strong><\/p>\n\n\n\n<p>Pusulalar bas\u0131ld\u0131, se\u00e7men ka\u011f\u0131tlar\u0131 da\u011f\u0131t\u0131ld\u0131, sand\u0131klar haz\u0131r&#8230;<\/p>\n\n\n\n<p>31 Mart Mahalli \u0130dareler Genel Se\u00e7imlerine art\u0131k \u00e7ok az bir zaman kald\u0131. Pazar g\u00fcn\u00fc yap\u0131lacak yerel se\u00e7imlerde 34 siyasi partiden adaylar\u0131n yan\u0131 s\u0131ra ba\u011f\u0131ms\u0131z adaylar da yar\u0131\u015facak.<\/p>\n\n\n\n<p><strong>YAKLA\u015eIK 61 M\u0130LYON SE\u00c7MEN OY KULLANACAK<\/strong><\/p>\n\n\n\n<p>\u00dclke genelinde 206 binden fazla sand\u0131k kurulacak. 61 milyon 441 bin 882 se\u00e7men oy kullanacak.<\/p>\n\n\n\n<p>30 b\u00fcy\u00fck\u015fehir, 51 il, 973 il\u00e7e ve 390 belde belediye ba\u015fkan\u0131 ile 50 bin 336 muhtar belirlenecek.<\/p>\n\n\n\n<p><strong>SE\u00c7\u0130M ARA\u00c7 GERE\u00c7LER\u0130 HAZIR<\/strong><\/p>\n\n\n\n<p>Sand\u0131k kurulu ba\u015fkanlar\u0131na teslim edilecek se\u00e7im ara\u00e7 ve gere\u00e7lerini i\u00e7eren malzeme torbalar\u0131 haz\u0131rland\u0131.<\/p>\n\n\n\n<p>\u0130l ve il\u00e7e merkezi d\u0131\u015f\u0131nda kalan k\u00f6y, mahalle ve beldelerde malzeme torbalar\u0131 sand\u0131k kurulu ba\u015fkanlar\u0131na yar\u0131n teslim edilecek. Se\u00e7im g\u00f6revlileriyle ilgili e\u011fitim \u00e7al\u0131\u015fmalar\u0131 tamamlanacak.<\/p>\n\n\n\n<p>Tutuklular ile taksirli su\u00e7lardan h\u00fck\u00fcml\u00fclere ili\u015fkin kesinle\u015ftirilen se\u00e7men listelerinin \u00e7o\u011faltma i\u015flemi de yine yar\u0131n bitmi\u015f olacak.<\/p>\n\n\n\n<p><strong>MALZEME TORBALARI SORUMLULARA YARIN TESL\u0130M ED\u0130LECEK<\/strong><\/p>\n\n\n\n<p>\u0130l ve il\u00e7e merkezlerinde, il\u00e7e se\u00e7im kurulu ba\u015fkanl\u0131klar\u0131nca oy verme g\u00fcn\u00fc saat 05.00&#8217;te malzeme torbalar\u0131 g\u00f6revlendirilen bina sorumlular\u0131na teslim edilecek.<\/p>\n\n\n\n<p>Bina sorumlular\u0131 da bu torbalar\u0131, il\u00e7e se\u00e7im kurulu ba\u015fkanl\u0131klar\u0131nca temin edilen ara\u00e7larla, sand\u0131k \u00e7evrelerine g\u00f6t\u00fcrerek sand\u0131k kurulu ba\u015fkanlar\u0131na tutanak kar\u015f\u0131l\u0131\u011f\u0131 verecek.<\/p>\n\n\n\n<p>Bina sorumlusu g\u00f6revlendirilmeyen yerlerde ise malzeme torbalar\u0131, oy verme g\u00fcn\u00fc sand\u0131k kurulu ba\u015fkanlar\u0131na il\u00e7e se\u00e7im kurulu ba\u015fkanl\u0131klar\u0131nca teslim edilecek.&nbsp;<\/p>\n","protected":false},"excerpt":{"rendered":"<p>31 Mart Pazar g\u00fcn\u00fc yap\u0131lacak yerel se\u00e7imlere \u00fc\u00e7 g\u00fcn kald\u0131. Y\u00fcksek Se\u00e7im Kurulu&#8217;nun a\u00e7\u0131klad\u0131\u011f\u0131 se\u00e7im takvimi&#46;&#46;&#46;<\/p>\n","protected":false},"author":2,"featured_media":13322,"comment_status":"open","ping_status":"open","sticky":false,"template":"","format":"standard","meta":{"inline_featured_image":false,"footnotes":""},"categories":[90],"tags":[3139,118,131,3955,107,93,3048],"manset":[],"class_list":["post-13320","post","type-post","status-publish","format-standard","has-post-thumbnail","hentry","category-turkiye-haberleri","tag-31-mart","tag-sanliurfa","tag-son-dakika","tag-turkiye-pazar-gunu-sandiga-gidecek","tag-ub","tag-ust","tag-yerel-secim-2"],"_links":{"self":[{"href":"https:\/\/www.urfabugun.com\/index.php\/wp-json\/wp\/v2\/posts\/13320","targetHints":{"allow":["GET"]}}],"collection":[{"href":"https:\/\/www.urfabugun.com\/index.php\/wp-json\/wp\/v2\/posts"}],"about":[{"href":"https:\/\/www.urfabugun.com\/index.php\/wp-json\/wp\/v2\/types\/post"}],"author":[{"embeddable":true,"href":"https:\/\/www.urfabugun.com\/index.php\/wp-json\/wp\/v2\/users\/2"}],"replies":[{"embeddable":true,"href":"https:\/\/www.urfabugun.com\/index.php\/wp-json\/wp\/v2\/comments?post=13320"}],"version-history":[{"count":0,"href":"https:\/\/www.urfabugun.com\/index.php\/wp-json\/wp\/v2\/posts\/13320\/revisions"}],"wp:featuredmedia":[{"embeddable":true,"href":"https:\/\/www.urfabugun.com\/index.php\/wp-json\/wp\/v2\/media\/13322"}],"wp:attachment":[{"href":"https:\/\/www.urfabugun.com\/index.php\/wp-json\/wp\/v2\/media?parent=13320"}],"wp:term":[{"taxonomy":"category","embeddable":true,"href":"https:\/\/www.urfabugun.com\/index.php\/wp-json\/wp\/v2\/categories?post=13320"},{"taxonomy":"post_tag","embeddable":true,"href":"https:\/\/www.urfabugun.com\/index.php\/wp-json\/wp\/v2\/tags?post=13320"},{"taxonomy":"manset","embeddable":true,"href":"https:\/\/www.urfabugun.com\/index.php\/wp-json\/wp\/v2\/manset?post=13320"}],"curies":[{"name":"wp","href":"https:\/\/api.w.org\/{rel}","templated":true}]}}