{"id":13324,"date":"2024-03-28T15:09:14","date_gmt":"2024-03-28T12:09:14","guid":{"rendered":"https:\/\/www.urfabugun.com\/?p=13324"},"modified":"2024-03-28T15:09:25","modified_gmt":"2024-03-28T12:09:25","slug":"yerel-secimler-nedeniyle-1-nisanda-okullar-tatil-edildi","status":"publish","type":"post","link":"https:\/\/www.urfabugun.com\/index.php\/2024\/03\/28\/yerel-secimler-nedeniyle-1-nisanda-okullar-tatil-edildi\/","title":{"rendered":"Yerel Se\u00e7imler Nedeniyle 1 Nisan&#8217;da Okullar Tatil Edildi!"},"content":{"rendered":"\n<p><\/p>\n\n\n\n<p>Milli E\u011fitim Bakanl\u0131\u011f\u0131&#8217;na (MEB) ba\u011fl\u0131 e\u011fitim kurumlar\u0131nda g\u00f6rev yapan y\u00f6netici ve \u00f6\u011fretmenler, 31 Mart Mahalli \u0130dareler Genel Se\u00e7imleri nedeniyle e\u011fitim kurumlar\u0131n\u0131n tatil edildi\u011fi 1 Nisan 2024 Pazartesi g\u00fcn\u00fc \u00fczerlerinde bulunan ayl\u0131k kar\u015f\u0131l\u0131\u011f\u0131 ders, varsa ek ders, ders niteli\u011finde y\u00f6netim, haz\u0131rl\u0131k ve planlama g\u00f6revlerini yapm\u0131\u015f say\u0131lacaklar.<br>MEB, 1 Nisan&#8217;da okullar\u0131n tatil edildi\u011fine ili\u015fkin resmi yaz\u0131y\u0131 valiliklere g\u00f6nderdi. Yaz\u0131da, &#8220;E\u011fitim kurumlar\u0131, 31 Mart 2024 Pazar g\u00fcn\u00fc yap\u0131lacak Mahalli \u0130dareler Genel Se\u00e7imlerinde as\u0131l i\u015flevlerinden farkl\u0131 olarak se\u00e7menlerin oy kullanmalar\u0131na imkan verecek \u015fekilde haz\u0131rlanmaktad\u0131r. Se\u00e7imlerin \u00f6zelli\u011fi nedeniyle oylar\u0131n say\u0131m i\u015flemi ak\u015fam ge\u00e7 saatlerde bitmekte, bu durum da e\u011fitim kurumlar\u0131n\u0131n ayn\u0131 g\u00fcn i\u00e7erisinde e\u011fitim \u00f6\u011fretime haz\u0131r hale getirilmesini engellemektedir. Bu nedenle Bakanl\u0131\u011f\u0131m\u0131za ba\u011fl\u0131 e\u011fitim kurumlar\u0131, e\u011fitim \u00f6\u011fretime haz\u0131r hale getirilmeleri bak\u0131m\u0131ndan 1 Nisan 2024 Pazartesi g\u00fcn\u00fc tatil edilmi\u015ftir&#8221; ifadeleri kullan\u0131ld\u0131.<\/p>\n","protected":false},"excerpt":{"rendered":"<p>Milli E\u011fitim Bakanl\u0131\u011f\u0131&#8217;na (MEB) ba\u011fl\u0131 e\u011fitim kurumlar\u0131nda g\u00f6rev yapan y\u00f6netici ve \u00f6\u011fretmenler, 31 Mart Mahalli \u0130dareler&#46;&#46;&#46;<\/p>\n","protected":false},"author":2,"featured_media":13326,"comment_status":"open","ping_status":"open","sticky":false,"template":"","format":"standard","meta":{"inline_featured_image":false,"footnotes":""},"categories":[79],"tags":[190,131,107,93,3956],"manset":[],"class_list":["post-13324","post","type-post","status-publish","format-standard","has-post-thumbnail","hentry","category-egitim-haberleri","tag-okul","tag-son-dakika","tag-ub","tag-ust","tag-yerel-secimler-nedeniyle-1-nisanda-okullar-tatil-edildi"],"_links":{"self":[{"href":"https:\/\/www.urfabugun.com\/index.php\/wp-json\/wp\/v2\/posts\/13324","targetHints":{"allow":["GET"]}}],"collection":[{"href":"https:\/\/www.urfabugun.com\/index.php\/wp-json\/wp\/v2\/posts"}],"about":[{"href":"https:\/\/www.urfabugun.com\/index.php\/wp-json\/wp\/v2\/types\/post"}],"author":[{"embeddable":true,"href":"https:\/\/www.urfabugun.com\/index.php\/wp-json\/wp\/v2\/users\/2"}],"replies":[{"embeddable":true,"href":"https:\/\/www.urfabugun.com\/index.php\/wp-json\/wp\/v2\/comments?post=13324"}],"version-history":[{"count":0,"href":"https:\/\/www.urfabugun.com\/index.php\/wp-json\/wp\/v2\/posts\/13324\/revisions"}],"wp:featuredmedia":[{"embeddable":true,"href":"https:\/\/www.urfabugun.com\/index.php\/wp-json\/wp\/v2\/media\/13326"}],"wp:attachment":[{"href":"https:\/\/www.urfabugun.com\/index.php\/wp-json\/wp\/v2\/media?parent=13324"}],"wp:term":[{"taxonomy":"category","embeddable":true,"href":"https:\/\/www.urfabugun.com\/index.php\/wp-json\/wp\/v2\/categories?post=13324"},{"taxonomy":"post_tag","embeddable":true,"href":"https:\/\/www.urfabugun.com\/index.php\/wp-json\/wp\/v2\/tags?post=13324"},{"taxonomy":"manset","embeddable":true,"href":"https:\/\/www.urfabugun.com\/index.php\/wp-json\/wp\/v2\/manset?post=13324"}],"curies":[{"name":"wp","href":"https:\/\/api.w.org\/{rel}","templated":true}]}}