{"id":13338,"date":"2024-03-30T01:17:03","date_gmt":"2024-03-29T22:17:03","guid":{"rendered":"https:\/\/www.urfabugun.com\/?p=13338"},"modified":"2024-03-30T01:17:09","modified_gmt":"2024-03-29T22:17:09","slug":"sanliurfada-muhtarlik-kavgasinda-olu-sayisi-2ye-yukseldi","status":"publish","type":"post","link":"https:\/\/www.urfabugun.com\/index.php\/2024\/03\/30\/sanliurfada-muhtarlik-kavgasinda-olu-sayisi-2ye-yukseldi\/","title":{"rendered":"\u015eanl\u0131urfa&#8217;da Muhtarl\u0131k Kavgas\u0131nda \u00d6l\u00fc Say\u0131s\u0131 2&#8217;ye Y\u00fckseldi!"},"content":{"rendered":"\n<p><\/p>\n\n\n\n<p><strong>\u015eanl\u0131urfa\u2019n\u0131n Harran il\u00e7esinde muhtarl\u0131k se\u00e7im s\u00fcreciyle ilgili \u00e7\u0131kan silahl\u0131 kavgada \u00f6l\u00fc say\u0131s\u0131 2&#8217;ye y\u00fckseldi.<\/strong><\/p>\n\n\n\n<p>Kavga 17 Mart 2024 tarihinde Harran il\u00e7esine ba\u011fl\u0131 Ortakonac\u0131k mahallesinde meydana geldi. \u0130ddiaya g\u00f6re se\u00e7im \u00f6ncesi muhtarl\u0131k anla\u015fmazl\u0131\u011f\u0131 y\u00fcz\u00fcnden iki grup aras\u0131nda tart\u0131\u015fma \u00e7\u0131kt\u0131. \u00c7\u0131kan tart\u0131\u015fma k\u0131sa s\u00fcrede silahl\u0131 kavgaya d\u00f6n\u00fc\u015ft\u00fc. \u00c7evredeki vatanda\u015flar\u0131n durumu 112 Acil \u00c7a\u011fr\u0131 Merkezine bildirilmesi \u00fczerine \u00e7at\u0131\u015fman\u0131n ya\u015fand\u0131\u011f\u0131 yere sa\u011fl\u0131k ve jandarma ekipleri sevk edildi.<\/p>\n\n\n\n<p>Jandarma ekipleri \u00e7evrede g\u00fcvenlik \u00f6nlemleri al\u0131rken, sa\u011fl\u0131k ekipleri ise tabancayla vurularak yaralanan H\u00fcseyin Kiraz, Tevfik Demir ile Ali Kiraz\u2019\u0131n ilk m\u00fcdahalenin ard\u0131ndan ambulans ile \u015eanl\u0131urfa\u2019daki \u00e7e\u015fitli hastanelerine kald\u0131rarak tedavi alt\u0131na al\u0131nd\u0131. Yaral\u0131lardan Ali Kiraz, kurtar\u0131lamad\u0131.<\/p>\n\n\n\n<p>Ayn\u0131 kavgada a\u011f\u0131r yaralanan H\u00fcseyin Kiraz\u2018da Harran \u00dcniversitesi Hastanesinde 13 g\u00fcnl\u00fck ya\u015fam m\u00fccadelesinin ard\u0131ndan bug\u00fcn hayat\u0131n\u0131 kaybetti. Hayat\u0131n\u0131 kaybeden H\u00fcseyin Kiraz\u2019\u0131n cenazesi yap\u0131lan otopsinin ard\u0131ndan Ortakonac\u0131k mahallesinde k\u0131l\u0131nan cenaze namaz\u0131n\u0131n ard\u0131ndan topra\u011fa verildi.<\/p>\n\n\n\n<p>Ya\u015fanan olayla ilgili \u015eanl\u0131urfa \u0130l Jandarma Komutanl\u0131\u011f\u0131nca \u00f6zel \u00e7al\u0131\u015fma ekibi olu\u015fturuldu. Yap\u0131lan ara\u015ft\u0131rma sonucu sald\u0131r\u0131y\u0131 ger\u00e7ekle\u015ftiren Ortakonac\u0131k mahalle muhtar\u0131 Mehmet K. (58) ile o\u011flu H\u00fcseyin K.(24) yakalanarak g\u00f6zalt\u0131na al\u0131nd\u0131. Soru\u015fturman\u0131n tamamlanmas\u0131n\u0131n ard\u0131ndan muhtar ile o\u011flu \u00e7\u0131kar\u0131ld\u0131klar\u0131 mahkemece tutuklanarak cezaevine sevk edildi.<\/p>\n","protected":false},"excerpt":{"rendered":"<p>\u015eanl\u0131urfa\u2019n\u0131n Harran il\u00e7esinde muhtarl\u0131k se\u00e7im s\u00fcreciyle ilgili \u00e7\u0131kan silahl\u0131 kavgada \u00f6l\u00fc say\u0131s\u0131 2&#8217;ye y\u00fckseldi. Kavga 17&#46;&#46;&#46;<\/p>\n","protected":false},"author":2,"featured_media":13340,"comment_status":"open","ping_status":"open","sticky":false,"template":"","format":"standard","meta":{"inline_featured_image":false,"footnotes":""},"categories":[75],"tags":[3961,118,3959,213,131,107],"manset":[],"class_list":["post-13338","post","type-post","status-publish","format-standard","has-post-thumbnail","hentry","category-asayis-haberleri","tag-muhtarr","tag-sanliurfa","tag-sanliurfada-muhtarlik-kavgasinda-olu-sayisi-2ye-yukseldi","tag-secim","tag-son-dakika","tag-ub"],"_links":{"self":[{"href":"https:\/\/www.urfabugun.com\/index.php\/wp-json\/wp\/v2\/posts\/13338","targetHints":{"allow":["GET"]}}],"collection":[{"href":"https:\/\/www.urfabugun.com\/index.php\/wp-json\/wp\/v2\/posts"}],"about":[{"href":"https:\/\/www.urfabugun.com\/index.php\/wp-json\/wp\/v2\/types\/post"}],"author":[{"embeddable":true,"href":"https:\/\/www.urfabugun.com\/index.php\/wp-json\/wp\/v2\/users\/2"}],"replies":[{"embeddable":true,"href":"https:\/\/www.urfabugun.com\/index.php\/wp-json\/wp\/v2\/comments?post=13338"}],"version-history":[{"count":0,"href":"https:\/\/www.urfabugun.com\/index.php\/wp-json\/wp\/v2\/posts\/13338\/revisions"}],"wp:featuredmedia":[{"embeddable":true,"href":"https:\/\/www.urfabugun.com\/index.php\/wp-json\/wp\/v2\/media\/13340"}],"wp:attachment":[{"href":"https:\/\/www.urfabugun.com\/index.php\/wp-json\/wp\/v2\/media?parent=13338"}],"wp:term":[{"taxonomy":"category","embeddable":true,"href":"https:\/\/www.urfabugun.com\/index.php\/wp-json\/wp\/v2\/categories?post=13338"},{"taxonomy":"post_tag","embeddable":true,"href":"https:\/\/www.urfabugun.com\/index.php\/wp-json\/wp\/v2\/tags?post=13338"},{"taxonomy":"manset","embeddable":true,"href":"https:\/\/www.urfabugun.com\/index.php\/wp-json\/wp\/v2\/manset?post=13338"}],"curies":[{"name":"wp","href":"https:\/\/api.w.org\/{rel}","templated":true}]}}