{"id":13346,"date":"2024-03-30T10:53:41","date_gmt":"2024-03-30T07:53:41","guid":{"rendered":"https:\/\/www.urfabugun.com\/?p=13346"},"modified":"2024-03-30T10:53:47","modified_gmt":"2024-03-30T07:53:47","slug":"meteoroloji-acikladi-secim-gunu-hava-nasil-olacak","status":"publish","type":"post","link":"https:\/\/www.urfabugun.com\/index.php\/2024\/03\/30\/meteoroloji-acikladi-secim-gunu-hava-nasil-olacak\/","title":{"rendered":"Meteoroloji A\u00e7\u0131klad\u0131: Se\u00e7im G\u00fcn\u00fc Hava Nas\u0131l Olacak?"},"content":{"rendered":"\n<p><\/p>\n\n\n\n<p><strong>T\u00fcrkiye, 31 Mart&#8217;ta yap\u0131lacak Mahalli \u0130dareler Genel Se\u00e7imleri \u2018ne par\u00e7al\u0131 ve az bulutlu bir havada girecek. S\u0131cakl\u0131klar mevsim normallerinin \u00fczerinde seyretmeye devam edecek.<\/strong><\/p>\n\n\n\n<p>Meteoroloji Genel M\u00fcd\u00fcrl\u00fc\u011f\u00fc taraf\u0131ndan yap\u0131lan son tahminlere g\u00f6re, hava s\u0131cakl\u0131klar\u0131 yar\u0131n \u00fclke genelinde mevsim normallerinin 8 ila 10 derece \u00fczerinde seyredecek.<\/p>\n\n\n\n<p>Se\u00e7im g\u00fcn\u00fc \u00fclke genelinin par\u00e7al\u0131 ve az bulutlu ge\u00e7ece\u011fi tahmin ediliyor. Yar\u0131n Baz\u0131 \u0130llerimizde Beklenen S\u0131cakl\u0131k De\u011ferleri \u015e\u00f6yle;<\/p>\n\n\n\n<p><strong>\u015eanl\u0131urfa : 12\/ 25<\/strong><\/p>\n\n\n\n<p>Ankara: Az bulutlu 10 \/ 24<\/p>\n\n\n\n<p>\u0130stanbul: Az bulutlu 10 \/ 19<\/p>\n\n\n\n<p>\u0130zmir: Az bulutlu 13 \/ 28<\/p>\n\n\n\n<p>Bursa: Az bulutlu 13 \/ 27<\/p>\n\n\n\n<p>Afyonkarahisar: Az bulutlu 10 \/ 23<\/p>\n\n\n\n<p>Antalya: Az bulutlu 16 \/ 27<\/p>\n\n\n\n<p>Adana: Az bulutlu 14 \/ 30<\/p>\n\n\n\n<p>Bolu: Par\u00e7al\u0131 bulutlu 9 \/ 25<\/p>\n\n\n\n<p>Samsun: Par\u00e7al\u0131 bulutlu 13 \/ 20<\/p>\n\n\n\n<p>Trabzon: Par\u00e7al\u0131 bulutlu 12 \/ 17<\/p>\n\n\n\n<p>Erzurum: Par\u00e7al\u0131 bulutlu 2 \/ 17<\/p>\n\n\n\n<p>Diyarbak\u0131r: Az bulutlu 7 \/ 24 derece<\/p>\n","protected":false},"excerpt":{"rendered":"<p>T\u00fcrkiye, 31 Mart&#8217;ta yap\u0131lacak Mahalli \u0130dareler Genel Se\u00e7imleri \u2018ne par\u00e7al\u0131 ve az bulutlu bir havada girecek.&#46;&#46;&#46;<\/p>\n","protected":false},"author":2,"featured_media":13348,"comment_status":"open","ping_status":"open","sticky":false,"template":"","format":"standard","meta":{"inline_featured_image":false,"footnotes":""},"categories":[82],"tags":[108,118,131,107],"manset":[],"class_list":["post-13346","post","type-post","status-publish","format-standard","has-post-thumbnail","hentry","category-gundem-haberleri","tag-hava-durumu","tag-sanliurfa","tag-son-dakika","tag-ub"],"_links":{"self":[{"href":"https:\/\/www.urfabugun.com\/index.php\/wp-json\/wp\/v2\/posts\/13346","targetHints":{"allow":["GET"]}}],"collection":[{"href":"https:\/\/www.urfabugun.com\/index.php\/wp-json\/wp\/v2\/posts"}],"about":[{"href":"https:\/\/www.urfabugun.com\/index.php\/wp-json\/wp\/v2\/types\/post"}],"author":[{"embeddable":true,"href":"https:\/\/www.urfabugun.com\/index.php\/wp-json\/wp\/v2\/users\/2"}],"replies":[{"embeddable":true,"href":"https:\/\/www.urfabugun.com\/index.php\/wp-json\/wp\/v2\/comments?post=13346"}],"version-history":[{"count":0,"href":"https:\/\/www.urfabugun.com\/index.php\/wp-json\/wp\/v2\/posts\/13346\/revisions"}],"wp:featuredmedia":[{"embeddable":true,"href":"https:\/\/www.urfabugun.com\/index.php\/wp-json\/wp\/v2\/media\/13348"}],"wp:attachment":[{"href":"https:\/\/www.urfabugun.com\/index.php\/wp-json\/wp\/v2\/media?parent=13346"}],"wp:term":[{"taxonomy":"category","embeddable":true,"href":"https:\/\/www.urfabugun.com\/index.php\/wp-json\/wp\/v2\/categories?post=13346"},{"taxonomy":"post_tag","embeddable":true,"href":"https:\/\/www.urfabugun.com\/index.php\/wp-json\/wp\/v2\/tags?post=13346"},{"taxonomy":"manset","embeddable":true,"href":"https:\/\/www.urfabugun.com\/index.php\/wp-json\/wp\/v2\/manset?post=13346"}],"curies":[{"name":"wp","href":"https:\/\/api.w.org\/{rel}","templated":true}]}}