{"id":13370,"date":"2024-03-31T10:04:09","date_gmt":"2024-03-31T07:04:09","guid":{"rendered":"https:\/\/www.urfabugun.com\/?p=13370"},"modified":"2024-03-31T10:04:16","modified_gmt":"2024-03-31T07:04:16","slug":"sanliurfali-baskanlar-oy-kullandi","status":"publish","type":"post","link":"https:\/\/www.urfabugun.com\/index.php\/2024\/03\/31\/sanliurfali-baskanlar-oy-kullandi\/","title":{"rendered":"\u015eanl\u0131urfal\u0131 Ba\u015fkanlar Oy Kulland\u0131!"},"content":{"rendered":"\n<p><\/p>\n\n\n\n<p><strong>\u015eanl\u0131urfa&#8217;da 08.00 da ba\u015flayan oy verme i\u015flemine Belediye Ba\u015fkanlar\u0131 Oy Vermek \u0130\u00e7in kay\u0131tl\u0131 Bulundu\u011fu Okullarda yerlerini ald\u0131.<\/strong><\/p>\n\n\n\n<p>31 Mart Yerel Se\u00e7imler Saat 8.00 itibariyle Resmen Ba\u015flad\u0131. \u015eanl\u0131urfa B\u00fcy\u00fck\u015fehir Belediye Ba\u015fkan\u0131 Zeynel Abidin Beyazg\u00fcl Rasime Polat \u0130lk\u00f6\u011fretim Okulunda Oyunu Kullanarak Hay\u0131r Temenilerinde Bulundu.<\/p>\n\n\n\n<figure class=\"wp-block-image size-large\"><img loading=\"lazy\" decoding=\"async\" width=\"1024\" height=\"784\" src=\"https:\/\/www.urfabugun.com\/wp-content\/uploads\/2024\/03\/zeynel-baskan-oy-kullanma-yerel-secim-1024x784.jpg\" alt=\"\" class=\"wp-image-13373\"\/><\/figure>\n\n\n\n<p>\u015eanl\u0131urfa Haliliye Belediye Ba\u015fkan\u0131 Mehmet Canpolat Oyunu Fevzi \u00c7akmak Ortaokulu\u2019da kullanarak Hay\u0131r Temenilerinde Bulundu.<\/p>\n\n\n\n<p>Canpolat\u201d Oyumuzu Kulland\u0131k Se\u00e7imlerin \u00dclkemize ve \u015eehrimize Hay\u0131r Getirmesini Temenni Ediyorum.dedi.<\/p>\n\n\n\n<figure class=\"wp-block-image size-large\"><img loading=\"lazy\" decoding=\"async\" width=\"1024\" height=\"683\" src=\"https:\/\/www.urfabugun.com\/wp-content\/uploads\/2024\/03\/mehmet-canpolat-oy-kullanma-1024x683.jpg\" alt=\"\" class=\"wp-image-13374\"\/><\/figure>\n\n\n\n<p>\u015eanl\u0131urfa Eyy\u00fcbiye Belediye Ba\u015fkan\u0131 Mehmet Ku\u015f Oyunu Kurucuk \u0130lk\u00f6\u011fretim Okulunda Kullanarak Hay\u0131r Temenilerinde Bulundu.<\/p>\n\n\n\n<figure class=\"wp-block-image size-large\"><img loading=\"lazy\" decoding=\"async\" width=\"1024\" height=\"683\" src=\"https:\/\/www.urfabugun.com\/wp-content\/uploads\/2024\/03\/mehmet-kus-oy-kullanma-1024x683.jpg\" alt=\"\" class=\"wp-image-13375\"\/><\/figure>\n","protected":false},"excerpt":{"rendered":"<p>\u015eanl\u0131urfa&#8217;da 08.00 da ba\u015flayan oy verme i\u015flemine Belediye Ba\u015fkanlar\u0131 Oy Vermek \u0130\u00e7in kay\u0131tl\u0131 Bulundu\u011fu Okullarda yerlerini&#46;&#46;&#46;<\/p>\n","protected":false},"author":2,"featured_media":13372,"comment_status":"open","ping_status":"open","sticky":false,"template":"","format":"standard","meta":{"inline_featured_image":false,"footnotes":""},"categories":[82],"tags":[3969,3968,118,131,107],"manset":[],"class_list":["post-13370","post","type-post","status-publish","format-standard","has-post-thumbnail","hentry","category-gundem-haberleri","tag-baskan-beyazgul-oy-kullandi","tag-mehmet-kus-oy-kullandi","tag-sanliurfa","tag-son-dakika","tag-ub"],"_links":{"self":[{"href":"https:\/\/www.urfabugun.com\/index.php\/wp-json\/wp\/v2\/posts\/13370","targetHints":{"allow":["GET"]}}],"collection":[{"href":"https:\/\/www.urfabugun.com\/index.php\/wp-json\/wp\/v2\/posts"}],"about":[{"href":"https:\/\/www.urfabugun.com\/index.php\/wp-json\/wp\/v2\/types\/post"}],"author":[{"embeddable":true,"href":"https:\/\/www.urfabugun.com\/index.php\/wp-json\/wp\/v2\/users\/2"}],"replies":[{"embeddable":true,"href":"https:\/\/www.urfabugun.com\/index.php\/wp-json\/wp\/v2\/comments?post=13370"}],"version-history":[{"count":0,"href":"https:\/\/www.urfabugun.com\/index.php\/wp-json\/wp\/v2\/posts\/13370\/revisions"}],"wp:featuredmedia":[{"embeddable":true,"href":"https:\/\/www.urfabugun.com\/index.php\/wp-json\/wp\/v2\/media\/13372"}],"wp:attachment":[{"href":"https:\/\/www.urfabugun.com\/index.php\/wp-json\/wp\/v2\/media?parent=13370"}],"wp:term":[{"taxonomy":"category","embeddable":true,"href":"https:\/\/www.urfabugun.com\/index.php\/wp-json\/wp\/v2\/categories?post=13370"},{"taxonomy":"post_tag","embeddable":true,"href":"https:\/\/www.urfabugun.com\/index.php\/wp-json\/wp\/v2\/tags?post=13370"},{"taxonomy":"manset","embeddable":true,"href":"https:\/\/www.urfabugun.com\/index.php\/wp-json\/wp\/v2\/manset?post=13370"}],"curies":[{"name":"wp","href":"https:\/\/api.w.org\/{rel}","templated":true}]}}