{"id":13588,"date":"2024-04-05T20:04:46","date_gmt":"2024-04-05T17:04:46","guid":{"rendered":"https:\/\/www.urfabugun.com\/?p=13588"},"modified":"2024-04-05T21:27:08","modified_gmt":"2024-04-05T18:27:08","slug":"otogarda-silahli-catisma-cok-sayida-yarali-var","status":"publish","type":"post","link":"https:\/\/www.urfabugun.com\/index.php\/2024\/04\/05\/otogarda-silahli-catisma-cok-sayida-yarali-var\/","title":{"rendered":"Otogarda Silahl\u0131 \u00c7at\u0131\u015fma: \u00d6l\u00fc ve \u00c7ok Say\u0131da Yaral\u0131 Var!"},"content":{"rendered":"\n<p><br><strong>\u015eanl\u0131urfa \u015fehirleraras\u0131 otob\u00fcs terminalinde silahl\u0131 kavga \u00e7\u0131kt\u0131.<\/strong><\/p>\n\n\n\n<p>Al\u0131nan son dakika bilgilerine g\u00f6re \u015eanl\u0131urfa \u015eehirleraras\u0131 otob\u00fcs terminalinde iki grup aras\u0131nda silahl\u0131 kavga \u00e7\u0131kt\u0131. <\/p>\n\n\n\n<p>\u00c7\u0131kan kavgada 46 ya\u015f\u0131ndaki Halil Deveci hayat\u0131n\u0131 kaybederken, 1 polis memuru olmak \u00fczere toplamda 10 ki\u015fide yaraland\u0131. \u00c7evredekilerin ihbar\u0131 \u00fczerine olay yerine \u00e7ok say\u0131da sa\u011fl\u0131k ve polis ekipleri sevk edildi. K\u0131sa s\u00fcrede olay yerine gelen polis ekipleri \u00e7evrede geni\u015f g\u00fcvenlik \u00f6nlemi al\u0131rken yaral\u0131lar ise sa\u011fl\u0131k ekiplerinin ilk m\u00fcdahalesinin ard\u0131ndan \u015eanl\u0131urfa Mehmet Akif \u0130nan E\u011fitim ve Ara\u015ft\u0131rma Hastanesine sevk edildi.<\/p>\n","protected":false},"excerpt":{"rendered":"<p>\u015eanl\u0131urfa \u015fehirleraras\u0131 otob\u00fcs terminalinde silahl\u0131 kavga \u00e7\u0131kt\u0131. Al\u0131nan son dakika bilgilerine g\u00f6re \u015eanl\u0131urfa \u015eehirleraras\u0131 otob\u00fcs terminalinde&#46;&#46;&#46;<\/p>\n","protected":false},"author":2,"featured_media":13455,"comment_status":"open","ping_status":"open","sticky":false,"template":"","format":"standard","meta":{"inline_featured_image":false,"footnotes":""},"categories":[75],"tags":[4026,4025,118,131,107],"manset":[],"class_list":["post-13588","post","type-post","status-publish","format-standard","has-post-thumbnail","hentry","category-asayis-haberleri","tag-otogar","tag-otogarda-silahli-catisma-cok-sayida-yarali-var","tag-sanliurfa","tag-son-dakika","tag-ub"],"_links":{"self":[{"href":"https:\/\/www.urfabugun.com\/index.php\/wp-json\/wp\/v2\/posts\/13588","targetHints":{"allow":["GET"]}}],"collection":[{"href":"https:\/\/www.urfabugun.com\/index.php\/wp-json\/wp\/v2\/posts"}],"about":[{"href":"https:\/\/www.urfabugun.com\/index.php\/wp-json\/wp\/v2\/types\/post"}],"author":[{"embeddable":true,"href":"https:\/\/www.urfabugun.com\/index.php\/wp-json\/wp\/v2\/users\/2"}],"replies":[{"embeddable":true,"href":"https:\/\/www.urfabugun.com\/index.php\/wp-json\/wp\/v2\/comments?post=13588"}],"version-history":[{"count":0,"href":"https:\/\/www.urfabugun.com\/index.php\/wp-json\/wp\/v2\/posts\/13588\/revisions"}],"wp:featuredmedia":[{"embeddable":true,"href":"https:\/\/www.urfabugun.com\/index.php\/wp-json\/wp\/v2\/media\/13455"}],"wp:attachment":[{"href":"https:\/\/www.urfabugun.com\/index.php\/wp-json\/wp\/v2\/media?parent=13588"}],"wp:term":[{"taxonomy":"category","embeddable":true,"href":"https:\/\/www.urfabugun.com\/index.php\/wp-json\/wp\/v2\/categories?post=13588"},{"taxonomy":"post_tag","embeddable":true,"href":"https:\/\/www.urfabugun.com\/index.php\/wp-json\/wp\/v2\/tags?post=13588"},{"taxonomy":"manset","embeddable":true,"href":"https:\/\/www.urfabugun.com\/index.php\/wp-json\/wp\/v2\/manset?post=13588"}],"curies":[{"name":"wp","href":"https:\/\/api.w.org\/{rel}","templated":true}]}}