{"id":13594,"date":"2024-04-06T02:54:21","date_gmt":"2024-04-05T23:54:21","guid":{"rendered":"https:\/\/www.urfabugun.com\/?p=13594"},"modified":"2024-04-06T02:54:28","modified_gmt":"2024-04-05T23:54:28","slug":"baskan-ciftci-talimat-verdi-engeller-kaldirildi","status":"publish","type":"post","link":"https:\/\/www.urfabugun.com\/index.php\/2024\/04\/06\/baskan-ciftci-talimat-verdi-engeller-kaldirildi\/","title":{"rendered":"Ba\u015fkan \u00c7ift\u00e7i Talimat Verdi: Engeller Kald\u0131r\u0131ld\u0131!"},"content":{"rendered":"\n<p><\/p>\n\n\n\n<p><strong>31 Mart yerel se\u00e7imlerde Karak\u00f6pr\u00fc Belediye Ba\u015fkan\u0131 se\u00e7ilen Avukat Nihat \u00c7ift\u00e7i, ge\u00e7ti\u011fimiz g\u00fcn mazbatas\u0131n\u0131 alarak g\u00f6reve ba\u015flad\u0131. \u00c7ift\u00e7i, yapt\u0131\u011f\u0131 ilk i\u015flerden birisi de sosyal medyadaki engelleri kald\u0131rtmak oldu.<\/strong><\/p>\n\n\n\n<p>Yeniden Refah Partisi\u2019nden Karak\u00f6pr\u00fc Belediye Ba\u015fkan\u0131 se\u00e7ilen Avukat Nihat \u00c7ift\u00e7i, Belediyenin daha \u00f6nce sosyal medya hesaplar\u0131nda engelledi\u011fi kullan\u0131c\u0131lar\u0131n\u0131n engelini kald\u0131rmalar\u0131n\u0131 istedi.&nbsp;<\/p>\n\n\n\n<p>Karak\u00f6pr\u00fc Belediyesi Resmi X Hesab\u0131ndan yapt\u0131\u011f\u0131 a\u00e7\u0131klamada;\u2019\u2019 Karak\u00f6pr\u00fc belediye ba\u015fkan\u0131m\u0131z Nihat \u00c7ift\u00e7inin talimat\u0131 ile Belediyemizin 3 farkl\u0131 platformdaki sosyal medyalar\u0131nda, engelli durumda olan 97 kullan\u0131c\u0131n\u0131n engelleri kald\u0131r\u0131lm\u0131\u015ft\u0131r. Ula\u015f\u0131labilir bir belediye olma ilkemizi daima koruyaca\u011f\u0131z\u2019 \u2019ifadelerine yer verildi.<\/p>\n","protected":false},"excerpt":{"rendered":"<p>31 Mart yerel se\u00e7imlerde Karak\u00f6pr\u00fc Belediye Ba\u015fkan\u0131 se\u00e7ilen Avukat Nihat \u00c7ift\u00e7i, ge\u00e7ti\u011fimiz g\u00fcn mazbatas\u0131n\u0131 alarak g\u00f6reve&#46;&#46;&#46;<\/p>\n","protected":false},"author":2,"featured_media":13596,"comment_status":"open","ping_status":"open","sticky":false,"template":"","format":"standard","meta":{"inline_featured_image":false,"footnotes":""},"categories":[82],"tags":[4028,4027,782,107,93],"manset":[],"class_list":["post-13594","post","type-post","status-publish","format-standard","has-post-thumbnail","hentry","category-gundem-haberleri","tag-baskan-ciftci-talimat-verdi-engeller-kaldirildi","tag-baskan-ciftci-talimat-verdi-karakopru-belediyesi-sosyal-medya-engellerini-kaldirdi","tag-nihat-ciftci","tag-ub","tag-ust"],"_links":{"self":[{"href":"https:\/\/www.urfabugun.com\/index.php\/wp-json\/wp\/v2\/posts\/13594","targetHints":{"allow":["GET"]}}],"collection":[{"href":"https:\/\/www.urfabugun.com\/index.php\/wp-json\/wp\/v2\/posts"}],"about":[{"href":"https:\/\/www.urfabugun.com\/index.php\/wp-json\/wp\/v2\/types\/post"}],"author":[{"embeddable":true,"href":"https:\/\/www.urfabugun.com\/index.php\/wp-json\/wp\/v2\/users\/2"}],"replies":[{"embeddable":true,"href":"https:\/\/www.urfabugun.com\/index.php\/wp-json\/wp\/v2\/comments?post=13594"}],"version-history":[{"count":0,"href":"https:\/\/www.urfabugun.com\/index.php\/wp-json\/wp\/v2\/posts\/13594\/revisions"}],"wp:featuredmedia":[{"embeddable":true,"href":"https:\/\/www.urfabugun.com\/index.php\/wp-json\/wp\/v2\/media\/13596"}],"wp:attachment":[{"href":"https:\/\/www.urfabugun.com\/index.php\/wp-json\/wp\/v2\/media?parent=13594"}],"wp:term":[{"taxonomy":"category","embeddable":true,"href":"https:\/\/www.urfabugun.com\/index.php\/wp-json\/wp\/v2\/categories?post=13594"},{"taxonomy":"post_tag","embeddable":true,"href":"https:\/\/www.urfabugun.com\/index.php\/wp-json\/wp\/v2\/tags?post=13594"},{"taxonomy":"manset","embeddable":true,"href":"https:\/\/www.urfabugun.com\/index.php\/wp-json\/wp\/v2\/manset?post=13594"}],"curies":[{"name":"wp","href":"https:\/\/api.w.org\/{rel}","templated":true}]}}