{"id":13651,"date":"2024-04-07T00:25:39","date_gmt":"2024-04-06T21:25:39","guid":{"rendered":"https:\/\/www.urfabugun.com\/?p=13651"},"modified":"2024-04-07T00:25:45","modified_gmt":"2024-04-06T21:25:45","slug":"baskan-gulpinar-uyardi-silah-ile-kutlama-cehaletine-son-verelim","status":"publish","type":"post","link":"https:\/\/www.urfabugun.com\/index.php\/2024\/04\/07\/baskan-gulpinar-uyardi-silah-ile-kutlama-cehaletine-son-verelim\/","title":{"rendered":"Ba\u015fkan G\u00fclp\u0131nar Uyard\u0131;\u2019\u2019 Silah \u0130le Kutlama Cehaletine Son Verelim!\u2019\u2019"},"content":{"rendered":"\n<p><\/p>\n\n\n\n<p><strong>Siverek se\u00e7imlerinin iptal olmas\u0131n\u0131n ard\u0131ndan \u015eanl\u0131urfa B\u00fcy\u00fck\u015fehir Belediye Ba\u015fkan\u0131 Mehmet Kas\u0131m G\u00fclp\u0131nar\u2019dan dikkat \u00e7eken a\u00e7\u0131klama.<\/strong><\/p>\n\n\n\n<p>\u015eanl\u0131urfa&#8217;n\u0131n Siverek il\u00e7esinde, \u0130l Se\u00e7im Kurulu taraf\u0131ndan se\u00e7imin yenilenmesine karar verildi.<\/p>\n\n\n\n<p>2 Haziranda tekrardan sand\u0131k ba\u015f\u0131na gidecek olan Siverekli vatanda\u015flar kutlama yapt\u0131, ancak al\u0131nan bilgilere g\u00f6re il\u00e7ede silah sesleri duyulmaya ba\u015flad\u0131.<\/p>\n\n\n\n<p>\u015eanl\u0131urfa B\u00fcy\u00fck\u015fehir Belediye Ba\u015fkan\u0131 Mehmet Kas\u0131m G\u00fclp\u0131nar Sosyal medya hesab\u0131ndan yapt\u0131\u011f\u0131 a\u00e7\u0131klamada \u015fu ifadelere yer verdi; \u2018\u2019Siverek Se\u00e7imlerinin iptal olmas\u0131 hususunda kutlama yapan hem\u015ferilerimiz sevin\u00e7lerinize g\u00f6zya\u015f\u0131 bula\u015ft\u0131rmay\u0131n. L\u00fctfen art\u0131k silah ile kutlama cehaletine son verelim. D\u00fcnyevi bir mesele i\u00e7in a\u015f\u0131r\u0131 sevinmenin de a\u015f\u0131r\u0131 \u00fcz\u00fclmenin de inanc\u0131m\u0131zda bir yeri yoktur.\u2019\u2019 Dedi.<\/p>\n","protected":false},"excerpt":{"rendered":"<p>Siverek se\u00e7imlerinin iptal olmas\u0131n\u0131n ard\u0131ndan \u015eanl\u0131urfa B\u00fcy\u00fck\u015fehir Belediye Ba\u015fkan\u0131 Mehmet Kas\u0131m G\u00fclp\u0131nar\u2019dan dikkat \u00e7eken a\u00e7\u0131klama. \u015eanl\u0131urfa&#8217;n\u0131n&#46;&#46;&#46;<\/p>\n","protected":false},"author":2,"featured_media":13653,"comment_status":"open","ping_status":"open","sticky":false,"template":"","format":"standard","meta":{"inline_featured_image":false,"footnotes":""},"categories":[82],"tags":[4045,4046,118,131,107],"manset":[],"class_list":["post-13651","post","type-post","status-publish","format-standard","has-post-thumbnail","hentry","category-gundem-haberleri","tag-baskan-gulpinar-uyardi-silah-ile-kutlama-cehaletine-son-verelim","tag-kasimgulpinar","tag-sanliurfa","tag-son-dakika","tag-ub"],"_links":{"self":[{"href":"https:\/\/www.urfabugun.com\/index.php\/wp-json\/wp\/v2\/posts\/13651","targetHints":{"allow":["GET"]}}],"collection":[{"href":"https:\/\/www.urfabugun.com\/index.php\/wp-json\/wp\/v2\/posts"}],"about":[{"href":"https:\/\/www.urfabugun.com\/index.php\/wp-json\/wp\/v2\/types\/post"}],"author":[{"embeddable":true,"href":"https:\/\/www.urfabugun.com\/index.php\/wp-json\/wp\/v2\/users\/2"}],"replies":[{"embeddable":true,"href":"https:\/\/www.urfabugun.com\/index.php\/wp-json\/wp\/v2\/comments?post=13651"}],"version-history":[{"count":0,"href":"https:\/\/www.urfabugun.com\/index.php\/wp-json\/wp\/v2\/posts\/13651\/revisions"}],"wp:featuredmedia":[{"embeddable":true,"href":"https:\/\/www.urfabugun.com\/index.php\/wp-json\/wp\/v2\/media\/13653"}],"wp:attachment":[{"href":"https:\/\/www.urfabugun.com\/index.php\/wp-json\/wp\/v2\/media?parent=13651"}],"wp:term":[{"taxonomy":"category","embeddable":true,"href":"https:\/\/www.urfabugun.com\/index.php\/wp-json\/wp\/v2\/categories?post=13651"},{"taxonomy":"post_tag","embeddable":true,"href":"https:\/\/www.urfabugun.com\/index.php\/wp-json\/wp\/v2\/tags?post=13651"},{"taxonomy":"manset","embeddable":true,"href":"https:\/\/www.urfabugun.com\/index.php\/wp-json\/wp\/v2\/manset?post=13651"}],"curies":[{"name":"wp","href":"https:\/\/api.w.org\/{rel}","templated":true}]}}