{"id":13679,"date":"2024-04-07T17:06:04","date_gmt":"2024-04-07T14:06:04","guid":{"rendered":"https:\/\/www.urfabugun.com\/?p=13679"},"modified":"2024-04-07T17:06:10","modified_gmt":"2024-04-07T14:06:10","slug":"baskan-ciftci-mali-tablo-cok-vahim","status":"publish","type":"post","link":"https:\/\/www.urfabugun.com\/index.php\/2024\/04\/07\/baskan-ciftci-mali-tablo-cok-vahim\/","title":{"rendered":"Ba\u015fkan \u00c7ift\u00e7i; Mali Tablo \u00c7ok Vahim!"},"content":{"rendered":"\n<p><\/p>\n\n\n\n<p><strong>Gap g\u00fcndemi ekranlar\u0131nda Gazeteci Mutlu G\u00fcne\u015fin Program\u0131na konuk olan Karak\u00f6pr\u00fc Belediye Ba\u015fkan\u0131 Avukat Nihat \u00c7ift\u00e7i belediyenin borcu ve bankamatik i\u015f\u00e7ileri hakk\u0131nda konu\u015ftu.<\/strong><\/p>\n\n\n\n<p>Ge\u00e7ti\u011fimiz g\u00fcnlerde Mazbatas\u0131n\u0131 alarak g\u00f6revine ba\u015flayan Karak\u00f6pr\u00fc Belediye Ba\u015fkan\u0131 Avukat Nihat \u00c7ift\u00e7i Gazeteci Mutlu G\u00fcne\u015fin sorular\u0131n\u0131 yan\u0131tlad\u0131. \u00c7ift\u00e7i Belediyenin 400 milyon tl borcu oldu\u011funu ve y\u00fczlerce bankamatik i\u015f\u00e7isinin oldu\u011funa dikkat \u00e7ekerek biz 2015 y\u0131l\u0131nda s\u0131f\u0131r bor\u00e7 ve kasada +16 milyon Tl bir kaynak b\u0131rakt\u0131k dedi. &nbsp;<\/p>\n\n\n\n<p><strong>\u0130htiyac\u0131n 3 Kat\u0131 Personel Y\u0131\u011f\u0131lm\u0131\u015f!<\/strong><\/p>\n\n\n\n<p>Ba\u015fkan \u00e7ift\u00e7i;\u2019\u2019 Y\u00fczlerce ki\u015finin i\u015fe gelmeden maa\u015f alan i\u015f\u00e7ilerin oldu\u011funu tespit ettik, i\u015fe gelmeden maa\u015f alma d\u00f6nemi bitti. 2015 y\u0131l\u0131nda Karak\u00f6pr\u00fc Belediyesi\u2019ni s\u0131f\u0131r bor\u00e7 ve kasada +16,5 Milyon TL\u2019lik bir kaynakla b\u0131rakt\u0131k. \u00a0\u0130lk tespitlerimize g\u00f6re Belediyenin g\u00fcncel borcu 400 Milyon TL\u2019yi a\u015fm\u0131\u015f durumda, \u00a0\u0130htiyac\u0131n 3 kat\u0131 personel y\u0131\u011f\u0131lm\u0131\u015f. \u00a0Belediyenin t\u00fcm gelirleri personel maa\u015f\u0131n\u0131 \u00f6demeye yetmiyor. Mali tablo \u00e7ok vahim, Pazartesi g\u00fcn\u00fc net rakamlar\u0131 kamuoyuna a\u00e7\u0131klayaca\u011f\u0131z. Vatanda\u015flar\u0131m\u0131z\u0131n \u015feffaf bir \u015fekilde bunlar\u0131 bilmeye hakk\u0131 var\u201d diye konu\u015ftu.<\/p>\n\n\n\n<p><a href=\"https:\/\/www.youtube.com\/watch?v=YtYgFuKWey8\" target=\"_blank\" rel=\"noopener\">https:\/\/www.youtube.com\/watch?v=YtYgFuKWey8<\/a><\/p>\n","protected":false},"excerpt":{"rendered":"<p>Gap g\u00fcndemi ekranlar\u0131nda Gazeteci Mutlu G\u00fcne\u015fin Program\u0131na konuk olan Karak\u00f6pr\u00fc Belediye Ba\u015fkan\u0131 Avukat Nihat \u00c7ift\u00e7i belediyenin&#46;&#46;&#46;<\/p>\n","protected":false},"author":2,"featured_media":13683,"comment_status":"open","ping_status":"open","sticky":false,"template":"","format":"standard","meta":{"inline_featured_image":false,"footnotes":""},"categories":[82],"tags":[4059,705,782,118,131,107,608,93],"manset":[],"class_list":["post-13679","post","type-post","status-publish","format-standard","has-post-thumbnail","hentry","category-gundem-haberleri","tag-baskan-ciftci-mali-tablo-cok-vahim","tag-karakopru-belediyesi","tag-nihat-ciftci","tag-sanliurfa","tag-son-dakika","tag-ub","tag-urfa-bugun","tag-ust"],"_links":{"self":[{"href":"https:\/\/www.urfabugun.com\/index.php\/wp-json\/wp\/v2\/posts\/13679","targetHints":{"allow":["GET"]}}],"collection":[{"href":"https:\/\/www.urfabugun.com\/index.php\/wp-json\/wp\/v2\/posts"}],"about":[{"href":"https:\/\/www.urfabugun.com\/index.php\/wp-json\/wp\/v2\/types\/post"}],"author":[{"embeddable":true,"href":"https:\/\/www.urfabugun.com\/index.php\/wp-json\/wp\/v2\/users\/2"}],"replies":[{"embeddable":true,"href":"https:\/\/www.urfabugun.com\/index.php\/wp-json\/wp\/v2\/comments?post=13679"}],"version-history":[{"count":0,"href":"https:\/\/www.urfabugun.com\/index.php\/wp-json\/wp\/v2\/posts\/13679\/revisions"}],"wp:featuredmedia":[{"embeddable":true,"href":"https:\/\/www.urfabugun.com\/index.php\/wp-json\/wp\/v2\/media\/13683"}],"wp:attachment":[{"href":"https:\/\/www.urfabugun.com\/index.php\/wp-json\/wp\/v2\/media?parent=13679"}],"wp:term":[{"taxonomy":"category","embeddable":true,"href":"https:\/\/www.urfabugun.com\/index.php\/wp-json\/wp\/v2\/categories?post=13679"},{"taxonomy":"post_tag","embeddable":true,"href":"https:\/\/www.urfabugun.com\/index.php\/wp-json\/wp\/v2\/tags?post=13679"},{"taxonomy":"manset","embeddable":true,"href":"https:\/\/www.urfabugun.com\/index.php\/wp-json\/wp\/v2\/manset?post=13679"}],"curies":[{"name":"wp","href":"https:\/\/api.w.org\/{rel}","templated":true}]}}