{"id":13745,"date":"2024-04-09T15:30:40","date_gmt":"2024-04-09T12:30:40","guid":{"rendered":"https:\/\/www.urfabugun.com\/?p=13745"},"modified":"2024-04-09T15:32:42","modified_gmt":"2024-04-09T12:32:42","slug":"vali-sildakdan-suruculere-bayram-uyarisi","status":"publish","type":"post","link":"https:\/\/www.urfabugun.com\/index.php\/2024\/04\/09\/vali-sildakdan-suruculere-bayram-uyarisi\/","title":{"rendered":"Vali \u015e\u0131ldak\u2019dan S\u00fcr\u00fcc\u00fclere Bayram Uyar\u0131s\u0131!"},"content":{"rendered":"\n<p><\/p>\n\n\n\n<p><strong>Vali Hasan \u015e\u0131ldak, bayram tatilinde meydana gelebilecek olas\u0131 kazalara kar\u015f\u0131 vatanda\u015flar\u0131n dikkatli olmas\u0131n\u0131 ve trafik kurallar\u0131na uyulmas\u0131n\u0131 istedi.<\/strong><\/p>\n\n\n\n<p>\u015eanl\u0131urfa il genelinde Ramazan Bayram\u0131&#8217;n\u0131n huzur ortam\u0131nda ya\u015fanmas\u0131 i\u00e7in Polis ve Jandarma ekipleri denetim ve uygulamalar\u0131na devam ederken, Vali \u015e\u0131ldak&#8217;tan \u00f6nemli bir uyar\u0131 daha geldi. <\/p>\n\n\n\n<p>Vali \u015e\u0131ldak payla\u015f\u0131m\u0131nda &#8220;Ramazan Bayram\u0131 sevdiklerinizle payla\u015faca\u011f\u0131n\u0131z mutluluklarla dolu olsun. Yollar sizi yak\u0131nlar\u0131n\u0131za sa\u011fl\u0131kla kavu\u015ftursun. Trafik kurallar\u0131yla kazas\u0131z, g\u00fcvenli yolculuklar&#8221; ifadelerini kulland\u0131.<\/p>\n","protected":false},"excerpt":{"rendered":"<p>Vali Hasan \u015e\u0131ldak, bayram tatilinde meydana gelebilecek olas\u0131 kazalara kar\u015f\u0131 vatanda\u015flar\u0131n dikkatli olmas\u0131n\u0131 ve trafik kurallar\u0131na&#46;&#46;&#46;<\/p>\n","protected":false},"author":2,"featured_media":13747,"comment_status":"open","ping_status":"open","sticky":false,"template":"","format":"standard","meta":{"inline_featured_image":false,"footnotes":""},"categories":[82],"tags":[1012,131,107,4077],"manset":[],"class_list":["post-13745","post","type-post","status-publish","format-standard","has-post-thumbnail","hentry","category-gundem-haberleri","tag-bayram","tag-son-dakika","tag-ub","tag-vali-sildakdan-suruculere-bayram-uyarisi"],"_links":{"self":[{"href":"https:\/\/www.urfabugun.com\/index.php\/wp-json\/wp\/v2\/posts\/13745","targetHints":{"allow":["GET"]}}],"collection":[{"href":"https:\/\/www.urfabugun.com\/index.php\/wp-json\/wp\/v2\/posts"}],"about":[{"href":"https:\/\/www.urfabugun.com\/index.php\/wp-json\/wp\/v2\/types\/post"}],"author":[{"embeddable":true,"href":"https:\/\/www.urfabugun.com\/index.php\/wp-json\/wp\/v2\/users\/2"}],"replies":[{"embeddable":true,"href":"https:\/\/www.urfabugun.com\/index.php\/wp-json\/wp\/v2\/comments?post=13745"}],"version-history":[{"count":0,"href":"https:\/\/www.urfabugun.com\/index.php\/wp-json\/wp\/v2\/posts\/13745\/revisions"}],"wp:featuredmedia":[{"embeddable":true,"href":"https:\/\/www.urfabugun.com\/index.php\/wp-json\/wp\/v2\/media\/13747"}],"wp:attachment":[{"href":"https:\/\/www.urfabugun.com\/index.php\/wp-json\/wp\/v2\/media?parent=13745"}],"wp:term":[{"taxonomy":"category","embeddable":true,"href":"https:\/\/www.urfabugun.com\/index.php\/wp-json\/wp\/v2\/categories?post=13745"},{"taxonomy":"post_tag","embeddable":true,"href":"https:\/\/www.urfabugun.com\/index.php\/wp-json\/wp\/v2\/tags?post=13745"},{"taxonomy":"manset","embeddable":true,"href":"https:\/\/www.urfabugun.com\/index.php\/wp-json\/wp\/v2\/manset?post=13745"}],"curies":[{"name":"wp","href":"https:\/\/api.w.org\/{rel}","templated":true}]}}