{"id":13780,"date":"2024-04-10T14:57:54","date_gmt":"2024-04-10T11:57:54","guid":{"rendered":"https:\/\/www.urfabugun.com\/?p=13780"},"modified":"2024-04-10T14:59:44","modified_gmt":"2024-04-10T11:59:44","slug":"emekliye-neden-zam-yapilmadibakan-simsek-nedenini-anlatti","status":"publish","type":"post","link":"https:\/\/www.urfabugun.com\/index.php\/2024\/04\/10\/emekliye-neden-zam-yapilmadibakan-simsek-nedenini-anlatti\/","title":{"rendered":"Emekliye Neden Zam Yap\u0131lmad\u0131?Bakan \u015eim\u015fek Nedenini Anlatt\u0131!"},"content":{"rendered":"\n<p><\/p>\n\n\n\n<p>31 Mart yerel se\u00e7imleri \u00f6ncesi emeklilerin zam beklentisi sonu\u00e7suz kalm\u0131\u015f ve bu da sand\u0131ktan \u00e7\u0131kan sonucu etkilemi\u015fti. Peki emeklilere neden zam yap\u0131lmad\u0131? Konunun muhataplar\u0131ndan Hazine ve Maliye Bakan\u0131 Mehmet \u015eim\u015fek, AK Parti MYK&#8217;s\u0131nda bunun nedenine ili\u015fkin dikkat \u00e7eken bir de\u011ferlendirme yapt\u0131.<\/p>\n\n\n\n<p>&#8220;<strong>BUNA \u0130Z\u0130N VEREMEZD\u0130K<\/strong><\/p>\n\n\n\n<p>\u201cKonuyla ilgili \u00e7ok say\u0131da sorunun muhatab\u0131 olan \u015eim\u015fek, &#8220;Bunu yapmak i\u00e7in T\u00fcrkiye&#8217;nin yurtd\u0131\u015f\u0131ndan y\u00fczde 50&#8217;den fazla faizle bor\u00e7lanmas\u0131 gerekecekti. B\u00f6yle yaparsak gelecek nesilleri ipotek alt\u0131na alacakt\u0131k. Buna izin veremezdik&#8221; diyerek emeklilere neden zam yap\u0131lmad\u0131\u011f\u0131n\u0131 \u00f6zetledi. <br><strong>5 \u0130LA 7 B\u0130N L\u0130RA ARASI BEKLENT\u0130 VARDI <\/strong>Bilindi\u011fi \u00fczere T\u00fcrkiye&#8217;de en d\u00fc\u015f\u00fck emekli maa\u015f\u0131 10 bin lira seviyesinde. Se\u00e7imlerden \u00f6nce emekli maa\u015flar\u0131na 5 ila 7 bin lira aras\u0131nda bir zam yap\u0131lmas\u0131 y\u00f6n\u00fcnde beklenti olu\u015fmu\u015ftu. H\u00fck\u00fcmet ise emeklilere zam i\u00e7in temmuz ay\u0131n\u0131 i\u015faret etmi\u015fti.<\/p>\n\n\n\n<p><strong>ERDO\u011eAN, M\u0130T\u0130NG ALANINDA HESAP YAPMI\u015eTI <\/strong><\/p>\n\n\n\n<p>Cumhurba\u015fkan\u0131 Erdo\u011fan, se\u00e7imden \u00f6nce kat\u0131ld\u0131\u011f\u0131 bir mitingde emekli maa\u015flar\u0131yla ilgili &#8220;Emekli maa\u015flar\u0131na \u015fu kadar zam yapaca\u011f\u0131z diyen muhalefetin nas\u0131l bo\u015f konu\u015ftu\u011funu \u00f6rneklerle anlatt\u0131m. S\u00f6z\u00fc edilen art\u0131\u015flar\u0131, \u00fclkenin t\u00fcm yat\u0131r\u0131mlar\u0131n\u0131 durdursak, e\u011fitim veya sa\u011fl\u0131k harcamalar\u0131n\u0131n tamam\u0131n\u0131 buraya aktarsak, kamu g\u00f6revlilerine maa\u015f vermesek bile kar\u015f\u0131layam\u0131yoruz. Bu demek de\u011fil ki \u00e7al\u0131\u015fanlar\u0131m\u0131z\u0131 ve emeklilerimizi hayat pahal\u0131l\u0131\u011f\u0131n\u0131n pen\u00e7esine terk edece\u011fiz. Tam tersine enflasyonu yenerek, b\u00fcy\u00fcmeyi s\u00fcrd\u00fcrerek, milli gelirimizi art\u0131rarak, devletimizi g\u00fc\u00e7lendirerek her meselemizi \u00e7\u00f6zd\u00fc\u011f\u00fcm\u00fcz gibi \u00e7al\u0131\u015fanlar\u0131m\u0131z\u0131n ve emeklilerimizin gelirlerini de art\u0131raca\u011f\u0131z&#8221; demi\u015fti. <br><strong>EMEKL\u0130 ZAMMINDA KR\u0130T\u0130K ORAN BELL\u0130 OLDU<\/strong><\/p>\n\n\n\n<p>T\u00fcrkiye \u0130statistik Kurumu (T\u00dc\u0130K) taraf\u0131ndan a\u00e7\u0131klanan mart ay\u0131 enflasyon verileriyle birlikte, memur ve emeklilerinin zam oran\u0131n\u0131 belirlemede etkili 3 ayl\u0131k enflasyon fark\u0131 da belli oldu. SGK ve Ba\u011f-Kur emeklileri i\u00e7in ocak ay\u0131nda y\u00fczde 6,70, \u015fubat ay\u0131 i\u00e7in y\u00fczde 4,53 ve mart ay\u0131 i\u00e7in 3,16 enflasyon fark\u0131 belli oldu. B\u00f6ylece 3 ayl\u0131k enflasyon fark\u0131 y\u00fczde 15,06 olarak belirlendi.<\/p>\n","protected":false},"excerpt":{"rendered":"<p>31 Mart yerel se\u00e7imleri \u00f6ncesi emeklilerin zam beklentisi sonu\u00e7suz kalm\u0131\u015f ve bu da sand\u0131ktan \u00e7\u0131kan sonucu&#46;&#46;&#46;<\/p>\n","protected":false},"author":2,"featured_media":13782,"comment_status":"open","ping_status":"open","sticky":false,"template":"","format":"standard","meta":{"inline_featured_image":false,"footnotes":""},"categories":[82],"tags":[2218,1013,4088,107],"manset":[],"class_list":["post-13780","post","type-post","status-publish","format-standard","has-post-thumbnail","hentry","category-gundem-haberleri","tag-bakan-simsek","tag-emekli","tag-emekliye-neden-zam-yapilmadibakan-simsek-nedenini-anlatti","tag-ub"],"_links":{"self":[{"href":"https:\/\/www.urfabugun.com\/index.php\/wp-json\/wp\/v2\/posts\/13780","targetHints":{"allow":["GET"]}}],"collection":[{"href":"https:\/\/www.urfabugun.com\/index.php\/wp-json\/wp\/v2\/posts"}],"about":[{"href":"https:\/\/www.urfabugun.com\/index.php\/wp-json\/wp\/v2\/types\/post"}],"author":[{"embeddable":true,"href":"https:\/\/www.urfabugun.com\/index.php\/wp-json\/wp\/v2\/users\/2"}],"replies":[{"embeddable":true,"href":"https:\/\/www.urfabugun.com\/index.php\/wp-json\/wp\/v2\/comments?post=13780"}],"version-history":[{"count":0,"href":"https:\/\/www.urfabugun.com\/index.php\/wp-json\/wp\/v2\/posts\/13780\/revisions"}],"wp:featuredmedia":[{"embeddable":true,"href":"https:\/\/www.urfabugun.com\/index.php\/wp-json\/wp\/v2\/media\/13782"}],"wp:attachment":[{"href":"https:\/\/www.urfabugun.com\/index.php\/wp-json\/wp\/v2\/media?parent=13780"}],"wp:term":[{"taxonomy":"category","embeddable":true,"href":"https:\/\/www.urfabugun.com\/index.php\/wp-json\/wp\/v2\/categories?post=13780"},{"taxonomy":"post_tag","embeddable":true,"href":"https:\/\/www.urfabugun.com\/index.php\/wp-json\/wp\/v2\/tags?post=13780"},{"taxonomy":"manset","embeddable":true,"href":"https:\/\/www.urfabugun.com\/index.php\/wp-json\/wp\/v2\/manset?post=13780"}],"curies":[{"name":"wp","href":"https:\/\/api.w.org\/{rel}","templated":true}]}}