{"id":13790,"date":"2024-04-10T21:49:32","date_gmt":"2024-04-10T18:49:32","guid":{"rendered":"https:\/\/www.urfabugun.com\/?p=13790"},"modified":"2024-04-10T21:49:39","modified_gmt":"2024-04-10T18:49:39","slug":"akcakalede-motosiklet-otomobile-ile-carpisti-2-agir-yarali","status":"publish","type":"post","link":"https:\/\/www.urfabugun.com\/index.php\/2024\/04\/10\/akcakalede-motosiklet-otomobile-ile-carpisti-2-agir-yarali\/","title":{"rendered":"Ak\u00e7akale\u2019de Motosiklet Otomobile ile \u00c7arp\u0131\u015ft\u0131, 2 A\u011f\u0131r Yaral\u0131!"},"content":{"rendered":"\n<p><\/p>\n\n\n\n<p><strong>\u015eanl\u0131urfa -Ak\u00e7akale yolunda otomobil motosiklete \u00e7arp\u0131\u015ft\u0131 motosiklette bulunan 2 ki\u015fi a\u011f\u0131r yaraland\u0131.<\/strong><br>Kaza, \u015eanl\u0131urfa-Ak\u00e7akale karayolunda meydana geldi. Edinilen bilgilere g\u00f6re, hen\u00fcz s\u00fcr\u00fcc\u00fcleri ve plakalar\u0131 \u00f6\u011frenilemeyen motosiklet ile otomobil \u00e7arp\u0131\u015ft\u0131. \u00c7arp\u0131\u015fman\u0131n etkisiyle motosiklet \u00fczerinde bulunan 2 ki\u015fi yola savruldu.<br>Harran Devlet Hastanesi\u2019nden \u015eanl\u0131urfa E\u011fitim ve Ara\u015ft\u0131rma Hastanesi\u2019ne hasta sevki yapan 112 acil sa\u011fl\u0131k ekipleri, bir yandan olay yerindeki yaral\u0131lara m\u00fcdahale ederken bir yandan durumu 112 acil \u00e7a\u011fr\u0131 merkezine bildirdi.<\/p>\n\n\n\n<p>\u0130hbar \u00fczerine k\u0131sa s\u00fcrede olay yerine sa\u011fl\u0131k ekipleri sevk edildi. Ambulansta ilk m\u00fcdahalesi yap\u0131lan yaral\u0131lar daha sonra ambulanslarla \u015eanl\u0131urfa E\u011fitim ve Ara\u015ft\u0131rma Hastanesi aciline kald\u0131r\u0131ld\u0131.<br>Hastanede tedavi alt\u0131na al\u0131nan iki yaral\u0131 vatanda\u015f\u0131n sa\u011fl\u0131k durumunun ciddiyetini korudu\u011fu \u00f6\u011frenildi.<\/p>\n\n\n\n<p>Kazayla ilgili inceleme ba\u015flat\u0131ld\u0131.<br>Urfahaberler<\/p>\n","protected":false},"excerpt":{"rendered":"<p>\u015eanl\u0131urfa -Ak\u00e7akale yolunda otomobil motosiklete \u00e7arp\u0131\u015ft\u0131 motosiklette bulunan 2 ki\u015fi a\u011f\u0131r yaraland\u0131.Kaza, \u015eanl\u0131urfa-Ak\u00e7akale karayolunda meydana geldi.&#46;&#46;&#46;<\/p>\n","protected":false},"author":2,"featured_media":9395,"comment_status":"open","ping_status":"open","sticky":false,"template":"","format":"standard","meta":{"inline_featured_image":false,"footnotes":""},"categories":[75],"tags":[228,131,139,107],"manset":[],"class_list":["post-13790","post","type-post","status-publish","format-standard","has-post-thumbnail","hentry","category-asayis-haberleri","tag-kaza","tag-son-dakika","tag-sondakika","tag-ub"],"_links":{"self":[{"href":"https:\/\/www.urfabugun.com\/index.php\/wp-json\/wp\/v2\/posts\/13790","targetHints":{"allow":["GET"]}}],"collection":[{"href":"https:\/\/www.urfabugun.com\/index.php\/wp-json\/wp\/v2\/posts"}],"about":[{"href":"https:\/\/www.urfabugun.com\/index.php\/wp-json\/wp\/v2\/types\/post"}],"author":[{"embeddable":true,"href":"https:\/\/www.urfabugun.com\/index.php\/wp-json\/wp\/v2\/users\/2"}],"replies":[{"embeddable":true,"href":"https:\/\/www.urfabugun.com\/index.php\/wp-json\/wp\/v2\/comments?post=13790"}],"version-history":[{"count":0,"href":"https:\/\/www.urfabugun.com\/index.php\/wp-json\/wp\/v2\/posts\/13790\/revisions"}],"wp:featuredmedia":[{"embeddable":true,"href":"https:\/\/www.urfabugun.com\/index.php\/wp-json\/wp\/v2\/media\/9395"}],"wp:attachment":[{"href":"https:\/\/www.urfabugun.com\/index.php\/wp-json\/wp\/v2\/media?parent=13790"}],"wp:term":[{"taxonomy":"category","embeddable":true,"href":"https:\/\/www.urfabugun.com\/index.php\/wp-json\/wp\/v2\/categories?post=13790"},{"taxonomy":"post_tag","embeddable":true,"href":"https:\/\/www.urfabugun.com\/index.php\/wp-json\/wp\/v2\/tags?post=13790"},{"taxonomy":"manset","embeddable":true,"href":"https:\/\/www.urfabugun.com\/index.php\/wp-json\/wp\/v2\/manset?post=13790"}],"curies":[{"name":"wp","href":"https:\/\/api.w.org\/{rel}","templated":true}]}}