{"id":13806,"date":"2024-04-12T13:53:01","date_gmt":"2024-04-12T10:53:01","guid":{"rendered":"https:\/\/www.urfabugun.com\/?p=13806"},"modified":"2024-04-12T13:53:08","modified_gmt":"2024-04-12T10:53:08","slug":"bekir-bozdag-secimde-ortaya-cikan-sonucun-sorumlulari-bizleriz","status":"publish","type":"post","link":"https:\/\/www.urfabugun.com\/index.php\/2024\/04\/12\/bekir-bozdag-secimde-ortaya-cikan-sonucun-sorumlulari-bizleriz\/","title":{"rendered":"Bekir Bozda\u011f: Se\u00e7imde Ortaya \u00c7\u0131kan Sonucun Sorumlular\u0131 Bizleriz!"},"content":{"rendered":"\n<p><\/p>\n\n\n\n<p><strong>TBMM Ba\u015fkanvekili ve AK Parti \u015eanl\u0131urfa Milletvekili Bekir Bozda\u011f, \u015eanl\u0131urfa&#8217;da partililerle bayramla\u015fma program\u0131nda yerel se\u00e7im sonu\u00e7lar\u0131n\u0131 de\u011ferlendirdi. Bozda\u011f, &#8220;Bu mesaj\u0131 do\u011fru okumak ve gereklerini de dosdo\u011fru yerine getirmek bizlerin birinci \u00f6nceli\u011fi olacakt\u0131r. Ortaya \u00e7\u0131kan sonucun sorumlular\u0131 bizleriz&#8221; dedi.<\/strong><\/p>\n\n\n\n<p><strong>BAYRAMLA\u015eMA PROGRAMINA KATILDI<\/strong><\/p>\n\n\n\n<p>TBMM Ba\u015fkanvekili ve AK Parti \u015eanl\u0131urfa Milletvekili Bekir Bozda\u011f, AK Parti \u015eanl\u0131urfa \u0130l Ba\u015fkanl\u0131\u011f\u0131 taraf\u0131ndan d\u00fczenlenen bayramla\u015fma program\u0131na kat\u0131ld\u0131. Bekir Bozda\u011f, burada yapt\u0131\u011f\u0131 konu\u015fmada \u015funlar\u0131 s\u00f6yledi; &#8220;Ortaya \u00e7\u0131kan sonucun sorumlular\u0131 bizleriz. Bu mesaj\u0131 do\u011fru okumak ve gereklerini de dosdo\u011fru yerine getirmek bizlerin birinci \u00f6nceli\u011fi olacakt\u0131r.<\/p>\n\n\n\n<p><strong>&#8220;ALDI\u011eIMIZ MESAJ VE UYARI DO\u011eRULTUSUNDA&#8230;&#8221;<\/strong><\/p>\n\n\n\n<p>Ortaya \u00e7\u0131kan sonucun sorumlular\u0131 bizleriz. \u015eanl\u0131urfa ve hem\u015fehrilerimiz de\u011fildir. O nedenle de biz bu sorumluluk bilinci i\u00e7erisinde \u015eanl\u0131urfam\u0131zda yeni d\u00f6nemde partimizin daha da g\u00fc\u00e7lenerek yola devam\u0131 i\u00e7in yap\u0131lmas\u0131 laz\u0131m gelenleri milletimizden de ald\u0131\u011f\u0131m\u0131z mesaj ve uyar\u0131 do\u011frultusunda kararl\u0131l\u0131kla yerine getirece\u011fimizden hi\u00e7bir hem\u015fehrimizin teredd\u00fcd\u00fc olmamal\u0131d\u0131r.&#8221;<\/p>\n","protected":false},"excerpt":{"rendered":"<p>TBMM Ba\u015fkanvekili ve AK Parti \u015eanl\u0131urfa Milletvekili Bekir Bozda\u011f, \u015eanl\u0131urfa&#8217;da partililerle bayramla\u015fma program\u0131nda yerel se\u00e7im sonu\u00e7lar\u0131n\u0131&#46;&#46;&#46;<\/p>\n","protected":false},"author":2,"featured_media":13808,"comment_status":"open","ping_status":"open","sticky":false,"template":"","format":"standard","meta":{"inline_featured_image":false,"footnotes":""},"categories":[82],"tags":[4095,131,107,3048],"manset":[],"class_list":["post-13806","post","type-post","status-publish","format-standard","has-post-thumbnail","hentry","category-gundem-haberleri","tag-bekir-bozdag-secimde-ortaya-cikan-sonucun-sorumlulari-bizleriz","tag-son-dakika","tag-ub","tag-yerel-secim-2"],"_links":{"self":[{"href":"https:\/\/www.urfabugun.com\/index.php\/wp-json\/wp\/v2\/posts\/13806","targetHints":{"allow":["GET"]}}],"collection":[{"href":"https:\/\/www.urfabugun.com\/index.php\/wp-json\/wp\/v2\/posts"}],"about":[{"href":"https:\/\/www.urfabugun.com\/index.php\/wp-json\/wp\/v2\/types\/post"}],"author":[{"embeddable":true,"href":"https:\/\/www.urfabugun.com\/index.php\/wp-json\/wp\/v2\/users\/2"}],"replies":[{"embeddable":true,"href":"https:\/\/www.urfabugun.com\/index.php\/wp-json\/wp\/v2\/comments?post=13806"}],"version-history":[{"count":0,"href":"https:\/\/www.urfabugun.com\/index.php\/wp-json\/wp\/v2\/posts\/13806\/revisions"}],"wp:featuredmedia":[{"embeddable":true,"href":"https:\/\/www.urfabugun.com\/index.php\/wp-json\/wp\/v2\/media\/13808"}],"wp:attachment":[{"href":"https:\/\/www.urfabugun.com\/index.php\/wp-json\/wp\/v2\/media?parent=13806"}],"wp:term":[{"taxonomy":"category","embeddable":true,"href":"https:\/\/www.urfabugun.com\/index.php\/wp-json\/wp\/v2\/categories?post=13806"},{"taxonomy":"post_tag","embeddable":true,"href":"https:\/\/www.urfabugun.com\/index.php\/wp-json\/wp\/v2\/tags?post=13806"},{"taxonomy":"manset","embeddable":true,"href":"https:\/\/www.urfabugun.com\/index.php\/wp-json\/wp\/v2\/manset?post=13806"}],"curies":[{"name":"wp","href":"https:\/\/api.w.org\/{rel}","templated":true}]}}