{"id":13810,"date":"2024-04-12T17:24:19","date_gmt":"2024-04-12T14:24:19","guid":{"rendered":"https:\/\/www.urfabugun.com\/?p=13810"},"modified":"2024-04-12T17:24:27","modified_gmt":"2024-04-12T14:24:27","slug":"viransehirde-akintiya-kapilan-cocuktan-aci-haber","status":"publish","type":"post","link":"https:\/\/www.urfabugun.com\/index.php\/2024\/04\/12\/viransehirde-akintiya-kapilan-cocuktan-aci-haber\/","title":{"rendered":"Viran\u015fehir\u2019de Ak\u0131nt\u0131ya Kap\u0131lan \u00c7ocuktan Ac\u0131 Haber!"},"content":{"rendered":"\n<p><\/p>\n\n\n\n<p><strong>\u015eanl\u0131urfa&#8217;n\u0131n Viran\u015fehir il\u00e7esinde serinlemek i\u00e7in dereye giren 12 ya\u015f\u0131ndaki \u00e7ocuktan ac\u0131 haber geldi.<\/strong><\/p>\n\n\n\n<p>Olay, Viran\u015fehir il\u00e7esi H\u00fcrriyet Mahallesi Curcup deresinde meydana geldi. \u0130ddiaya g\u00f6re, 12 ya\u015f\u0131ndaki Fevzi G\u00fc\u00e7temur serinlemek i\u00e7in dereye girdi.<\/p>\n\n\n\n<p>Y\u00fczme bilmedi\u011fi i\u00e7in ak\u0131nt\u0131ya kap\u0131lan \u00e7ocuk, bir s\u00fcre sonra g\u00f6zden kayboldu. \u00c7ocu\u011fun elbiselerini derenin kenar\u0131nda g\u00f6ren vatanda\u015flar, durumu 112 Acil \u00c7a\u011fr\u0131 Merkezine bildirdi. \u0130hbar \u00fczerine olay yerine sa\u011fl\u0131k, polis, su alt\u0131 polisi, itfaiye ve AFAD ekipleri sevk edildi. Derede arama yapan ekipler, \u00e7ocu\u011fun cans\u0131z bedenine ula\u015ft\u0131. Yap\u0131lan incelemenin ard\u0131ndan k\u00fc\u00e7\u00fck \u00e7ocu\u011fun cenazesi, \u015eanl\u0131urfa Adli T\u0131p Kurumu morguna kald\u0131r\u0131ld\u0131.<\/p>\n","protected":false},"excerpt":{"rendered":"<p>\u015eanl\u0131urfa&#8217;n\u0131n Viran\u015fehir il\u00e7esinde serinlemek i\u00e7in dereye giren 12 ya\u015f\u0131ndaki \u00e7ocuktan ac\u0131 haber geldi. Olay, Viran\u015fehir il\u00e7esi&#46;&#46;&#46;<\/p>\n","protected":false},"author":2,"featured_media":13812,"comment_status":"open","ping_status":"open","sticky":false,"template":"","format":"standard","meta":{"inline_featured_image":false,"footnotes":""},"categories":[82],"tags":[184,1719,4097,4099,4098,131,107,4096],"manset":[],"class_list":["post-13810","post","type-post","status-publish","format-standard","has-post-thumbnail","hentry","category-gundem-haberleri","tag-asayis","tag-bogulma","tag-fevz","tag-fevzi-guctemur","tag-guctemur","tag-son-dakika","tag-ub","tag-viransehirde-akintiya-kapilan-cocuktan-aci-haber"],"_links":{"self":[{"href":"https:\/\/www.urfabugun.com\/index.php\/wp-json\/wp\/v2\/posts\/13810","targetHints":{"allow":["GET"]}}],"collection":[{"href":"https:\/\/www.urfabugun.com\/index.php\/wp-json\/wp\/v2\/posts"}],"about":[{"href":"https:\/\/www.urfabugun.com\/index.php\/wp-json\/wp\/v2\/types\/post"}],"author":[{"embeddable":true,"href":"https:\/\/www.urfabugun.com\/index.php\/wp-json\/wp\/v2\/users\/2"}],"replies":[{"embeddable":true,"href":"https:\/\/www.urfabugun.com\/index.php\/wp-json\/wp\/v2\/comments?post=13810"}],"version-history":[{"count":0,"href":"https:\/\/www.urfabugun.com\/index.php\/wp-json\/wp\/v2\/posts\/13810\/revisions"}],"wp:featuredmedia":[{"embeddable":true,"href":"https:\/\/www.urfabugun.com\/index.php\/wp-json\/wp\/v2\/media\/13812"}],"wp:attachment":[{"href":"https:\/\/www.urfabugun.com\/index.php\/wp-json\/wp\/v2\/media?parent=13810"}],"wp:term":[{"taxonomy":"category","embeddable":true,"href":"https:\/\/www.urfabugun.com\/index.php\/wp-json\/wp\/v2\/categories?post=13810"},{"taxonomy":"post_tag","embeddable":true,"href":"https:\/\/www.urfabugun.com\/index.php\/wp-json\/wp\/v2\/tags?post=13810"},{"taxonomy":"manset","embeddable":true,"href":"https:\/\/www.urfabugun.com\/index.php\/wp-json\/wp\/v2\/manset?post=13810"}],"curies":[{"name":"wp","href":"https:\/\/api.w.org\/{rel}","templated":true}]}}