{"id":13852,"date":"2024-04-15T10:29:11","date_gmt":"2024-04-15T07:29:11","guid":{"rendered":"https:\/\/www.urfabugun.com\/?p=13852"},"modified":"2024-04-15T10:29:17","modified_gmt":"2024-04-15T07:29:17","slug":"ara-tatil-bitti-sanliurfada-ilk-ders-zili-caldi","status":"publish","type":"post","link":"https:\/\/www.urfabugun.com\/index.php\/2024\/04\/15\/ara-tatil-bitti-sanliurfada-ilk-ders-zili-caldi\/","title":{"rendered":"Ara Tatil Bitti \u015eanl\u0131urfa&#8217;da \u0130lk Ders Zili \u00c7ald\u0131!"},"content":{"rendered":"\n<p><\/p>\n\n\n\n<p><strong>\u015eanl\u0131urfa&#8217;da 9 g\u00fcnl\u00fck yar\u0131y\u0131l tatilinin ard\u0131ndan 2 bin 949 okulda e\u011fitim alan 695 bin 989 \u00f6\u011frenci i\u00e7in ders zili \u00e7ald\u0131.<\/strong><\/p>\n\n\n\n<p>T\u00fcrkiye&#8217;nin en gen\u00e7 ili \u015eanl\u0131urfa&#8217;da \u00f6\u011frenciler, 2023- 2024 y\u0131l\u0131 e\u011fitim \u00f6\u011fretim y\u0131l\u0131n\u0131n ikinci aral tatili bitti. Kentte 695 bin 989 \u00f6\u011frenci i\u00e7in ders zili \u00e7ald\u0131<\/p>\n\n\n\n<p>81 ilde bug\u00fcn itibar\u0131yla merkez ve t\u00fcm il\u00e7elerde e\u011fitim \u00f6\u011fretim kald\u0131\u011f\u0131 yerden devam edecek ve bu kapsamda \u015eanl\u0131urfa&#8217;da 2 bin 949 okulda 695 bin 989 \u00f6\u011frenci ve 26 bin 667 \u00f6\u011fretmen ders ba\u015f\u0131 yapt\u0131.<\/p>\n\n\n\n<p>11 Eyl\u00fcl 2023&#8217;de ba\u015flayan e\u011fitim \u00f6\u011fretim d\u00f6nemi, 14 Haziran 2024&#8217;te sona erecek.<\/p>\n","protected":false},"excerpt":{"rendered":"<p>\u015eanl\u0131urfa&#8217;da 9 g\u00fcnl\u00fck yar\u0131y\u0131l tatilinin ard\u0131ndan 2 bin 949 okulda e\u011fitim alan 695 bin 989 \u00f6\u011frenci&#46;&#46;&#46;<\/p>\n","protected":false},"author":2,"featured_media":13854,"comment_status":"open","ping_status":"open","sticky":false,"template":"","format":"standard","meta":{"inline_featured_image":false,"footnotes":""},"categories":[79],"tags":[1036,4111,191,131,107],"manset":[],"class_list":["post-13852","post","type-post","status-publish","format-standard","has-post-thumbnail","hentry","category-egitim-haberleri","tag-ara-tatil","tag-ara-tatil-bitti-sanliurfada-ilk-ders-zili-caldi","tag-egitim","tag-son-dakika","tag-ub"],"_links":{"self":[{"href":"https:\/\/www.urfabugun.com\/index.php\/wp-json\/wp\/v2\/posts\/13852","targetHints":{"allow":["GET"]}}],"collection":[{"href":"https:\/\/www.urfabugun.com\/index.php\/wp-json\/wp\/v2\/posts"}],"about":[{"href":"https:\/\/www.urfabugun.com\/index.php\/wp-json\/wp\/v2\/types\/post"}],"author":[{"embeddable":true,"href":"https:\/\/www.urfabugun.com\/index.php\/wp-json\/wp\/v2\/users\/2"}],"replies":[{"embeddable":true,"href":"https:\/\/www.urfabugun.com\/index.php\/wp-json\/wp\/v2\/comments?post=13852"}],"version-history":[{"count":0,"href":"https:\/\/www.urfabugun.com\/index.php\/wp-json\/wp\/v2\/posts\/13852\/revisions"}],"wp:featuredmedia":[{"embeddable":true,"href":"https:\/\/www.urfabugun.com\/index.php\/wp-json\/wp\/v2\/media\/13854"}],"wp:attachment":[{"href":"https:\/\/www.urfabugun.com\/index.php\/wp-json\/wp\/v2\/media?parent=13852"}],"wp:term":[{"taxonomy":"category","embeddable":true,"href":"https:\/\/www.urfabugun.com\/index.php\/wp-json\/wp\/v2\/categories?post=13852"},{"taxonomy":"post_tag","embeddable":true,"href":"https:\/\/www.urfabugun.com\/index.php\/wp-json\/wp\/v2\/tags?post=13852"},{"taxonomy":"manset","embeddable":true,"href":"https:\/\/www.urfabugun.com\/index.php\/wp-json\/wp\/v2\/manset?post=13852"}],"curies":[{"name":"wp","href":"https:\/\/api.w.org\/{rel}","templated":true}]}}