{"id":13872,"date":"2024-04-16T09:18:15","date_gmt":"2024-04-16T06:18:15","guid":{"rendered":"https:\/\/www.urfabugun.com\/?p=13872"},"modified":"2024-04-16T09:22:25","modified_gmt":"2024-04-16T06:22:25","slug":"sanliurfada-bir-tir-alev-topuna-dondu","status":"publish","type":"post","link":"https:\/\/www.urfabugun.com\/index.php\/2024\/04\/16\/sanliurfada-bir-tir-alev-topuna-dondu\/","title":{"rendered":"\u015eanl\u0131urfa\u2019da T\u0131r Alev Topuna D\u00f6nd\u00fc!"},"content":{"rendered":"\n<p><\/p>\n\n\n\n<p><strong>\u015eanl\u0131urfa\u2019da seyir halinde olan t\u0131r\u0131n lastikleri belirlenmeyen bir sebepten dolay\u0131 alev ald\u0131. Pani\u011fe neden olan yang\u0131n, itfaiye ekiplerinin m\u00fcdahalesi sonucunda s\u00f6nd\u00fcr\u00fcld\u00fc.<\/strong><\/p>\n\n\n\n<p>Olay, Viran\u015fehir- \u015eanl\u0131urfa otoyolunun 30. Kilometresinde meydana geldi. Edinilen bilgiye g\u00f6re, hen\u00fcz s\u00fcr\u00fcn\u00fcn ismi \u00f6\u011frenilemeyen ve seyir halinde olan 33 CPT 51 plakal\u0131 t\u0131r\u0131n lasti\u011fi alev ald\u0131.<\/p>\n\n\n\n<p>Durumu fark eden s\u00fcr\u00fcc\u00fc hemen arac\u0131 durdurdu. S\u00fcr\u00fcc\u00fc ve yoldan ge\u00e7en di\u011fer vatanda\u015flar yang\u0131n t\u00fcp\u00fcyle alevlere m\u00fcdahale ederken itfaiye ekiplerine de haber verdi.<\/p>\n\n\n\n<p>\u0130hbar \u00fczerine k\u0131sa s\u00fcrede olay yerine gelen itfaiye ekipleri, yang\u0131n\u0131 t\u0131r\u0131n tamam\u0131na s\u0131\u00e7ramadan s\u00f6nd\u00fcrd\u00fc. Yang\u0131n sebebiyle uzun ara\u00e7 kuyruklar\u0131 olu\u015ftu.<\/p>\n\n\n\n<p>Jandarma ekipleri olayla ilgili inceleme ba\u015flatt\u0131.<\/p>\n","protected":false},"excerpt":{"rendered":"<p>\u015eanl\u0131urfa\u2019da seyir halinde olan t\u0131r\u0131n lastikleri belirlenmeyen bir sebepten dolay\u0131 alev ald\u0131. Pani\u011fe neden olan yang\u0131n,&#46;&#46;&#46;<\/p>\n","protected":false},"author":2,"featured_media":13885,"comment_status":"open","ping_status":"open","sticky":false,"template":"","format":"standard","meta":{"inline_featured_image":false,"footnotes":""},"categories":[75],"tags":[4120,131,107],"manset":[],"class_list":["post-13872","post","type-post","status-publish","format-standard","has-post-thumbnail","hentry","category-asayis-haberleri","tag-sanliurfada-bir-tir-alev-topuna-dondu","tag-son-dakika","tag-ub"],"_links":{"self":[{"href":"https:\/\/www.urfabugun.com\/index.php\/wp-json\/wp\/v2\/posts\/13872","targetHints":{"allow":["GET"]}}],"collection":[{"href":"https:\/\/www.urfabugun.com\/index.php\/wp-json\/wp\/v2\/posts"}],"about":[{"href":"https:\/\/www.urfabugun.com\/index.php\/wp-json\/wp\/v2\/types\/post"}],"author":[{"embeddable":true,"href":"https:\/\/www.urfabugun.com\/index.php\/wp-json\/wp\/v2\/users\/2"}],"replies":[{"embeddable":true,"href":"https:\/\/www.urfabugun.com\/index.php\/wp-json\/wp\/v2\/comments?post=13872"}],"version-history":[{"count":0,"href":"https:\/\/www.urfabugun.com\/index.php\/wp-json\/wp\/v2\/posts\/13872\/revisions"}],"wp:featuredmedia":[{"embeddable":true,"href":"https:\/\/www.urfabugun.com\/index.php\/wp-json\/wp\/v2\/media\/13885"}],"wp:attachment":[{"href":"https:\/\/www.urfabugun.com\/index.php\/wp-json\/wp\/v2\/media?parent=13872"}],"wp:term":[{"taxonomy":"category","embeddable":true,"href":"https:\/\/www.urfabugun.com\/index.php\/wp-json\/wp\/v2\/categories?post=13872"},{"taxonomy":"post_tag","embeddable":true,"href":"https:\/\/www.urfabugun.com\/index.php\/wp-json\/wp\/v2\/tags?post=13872"},{"taxonomy":"manset","embeddable":true,"href":"https:\/\/www.urfabugun.com\/index.php\/wp-json\/wp\/v2\/manset?post=13872"}],"curies":[{"name":"wp","href":"https:\/\/api.w.org\/{rel}","templated":true}]}}