{"id":13914,"date":"2024-04-16T18:03:12","date_gmt":"2024-04-16T15:03:12","guid":{"rendered":"https:\/\/www.urfabugun.com\/?p=13914"},"modified":"2024-04-16T18:03:19","modified_gmt":"2024-04-16T15:03:19","slug":"erbakan-talimat-vermisti-karakoprude-rusvet-alan-da-veren-de-melundur-pankarti-asildi","status":"publish","type":"post","link":"https:\/\/www.urfabugun.com\/index.php\/2024\/04\/16\/erbakan-talimat-vermisti-karakoprude-rusvet-alan-da-veren-de-melundur-pankarti-asildi\/","title":{"rendered":"Erbakan Talimat Vermi\u015fti: Karak\u00f6pr\u00fc\u2019de R\u00fc\u015fvet Alan da Veren de Melundur Pankart\u0131 As\u0131ld\u0131!"},"content":{"rendered":"\n<p><\/p>\n\n\n\n<p><strong>Karak\u00f6pr\u00fc Belediye Binas\u0131na \u201cR\u00fc\u015fvet alan da veren de melundur\u201d tabelas\u0131 as\u0131ld\u0131.<\/strong><\/p>\n\n\n\n<p>Yeniden Refah Partisi lideri Fatih Erbakan, &#8220;\u0130ktidara geldi\u011fimizde, &#8216;R\u00fc\u015fvet alan da veren de melundur\u2019 tabelas\u0131n\u0131 ba\u015fta Cumhurba\u015fkanl\u0131\u011f\u0131 K\u00fclliyesi olmak \u00fczere b\u00fct\u00fcn belediyelerin giri\u015fine asaca\u011f\u0131z&#8221; diye konu\u015fmu\u015ftu. Y\u00fczde 6,19 oy alarak \u00fc\u00e7\u00fcnc\u00fc parti konumuna gelen Yeniden Refah Partisi, Genel Ba\u015fkan Fatih Erbakan&#8217;\u0131n talimat\u0131yla kazand\u0131\u011f\u0131 belediyelerin giri\u015fine &#8220;R\u00fc\u015fvet alan da veren de mel&#8217;undur&#8221; Hadis-i \u015eerif yaz\u0131s\u0131n\u0131 as\u0131lmaya ba\u015flad\u0131.<\/p>\n\n\n\n<figure class=\"wp-block-image size-large\"><img loading=\"lazy\" decoding=\"async\" width=\"1024\" height=\"768\" src=\"https:\/\/www.urfabugun.com\/wp-content\/uploads\/2024\/04\/IMG_4425-1024x768.jpeg\" alt=\"\" class=\"wp-image-13917\"\/><\/figure>\n\n\n\n<p>31 Mart yerel se\u00e7imlerde Karak\u00f6pr\u00fc Belediye ba\u015fkan\u0131 se\u00e7ilen Avukat Nihat \u00c7ift\u00e7i\u2019nin talimat\u0131 ile Karak\u00f6pr\u00fc Belediye binas\u0131 ve ek hizmet binalar\u0131n\u0131n tamam\u0131na Hadisi \u015eerifli \u2018R\u00fc\u015fvet Alan da Veren de Mel\u2019undur\u2019 pankart\u0131 ast\u0131r\u0131ld\u0131.<\/p>\n","protected":false},"excerpt":{"rendered":"<p>Karak\u00f6pr\u00fc Belediye Binas\u0131na \u201cR\u00fc\u015fvet alan da veren de melundur\u201d tabelas\u0131 as\u0131ld\u0131. Yeniden Refah Partisi lideri Fatih&#46;&#46;&#46;<\/p>\n","protected":false},"author":2,"featured_media":13916,"comment_status":"open","ping_status":"open","sticky":false,"template":"","format":"standard","meta":{"inline_featured_image":false,"footnotes":""},"categories":[82],"tags":[1668,4133,4132,499,782,131,107],"manset":[],"class_list":["post-13914","post","type-post","status-publish","format-standard","has-post-thumbnail","hentry","category-gundem-haberleri","tag-erbakan","tag-erbakan-talimat-vermisti-karakoprude-rusvet-alan-da-veren-de-melundur-pankarti-asildi","tag-karakoprg-belediyesi","tag-karakopru","tag-nihat-ciftci","tag-son-dakika","tag-ub"],"_links":{"self":[{"href":"https:\/\/www.urfabugun.com\/index.php\/wp-json\/wp\/v2\/posts\/13914","targetHints":{"allow":["GET"]}}],"collection":[{"href":"https:\/\/www.urfabugun.com\/index.php\/wp-json\/wp\/v2\/posts"}],"about":[{"href":"https:\/\/www.urfabugun.com\/index.php\/wp-json\/wp\/v2\/types\/post"}],"author":[{"embeddable":true,"href":"https:\/\/www.urfabugun.com\/index.php\/wp-json\/wp\/v2\/users\/2"}],"replies":[{"embeddable":true,"href":"https:\/\/www.urfabugun.com\/index.php\/wp-json\/wp\/v2\/comments?post=13914"}],"version-history":[{"count":0,"href":"https:\/\/www.urfabugun.com\/index.php\/wp-json\/wp\/v2\/posts\/13914\/revisions"}],"wp:featuredmedia":[{"embeddable":true,"href":"https:\/\/www.urfabugun.com\/index.php\/wp-json\/wp\/v2\/media\/13916"}],"wp:attachment":[{"href":"https:\/\/www.urfabugun.com\/index.php\/wp-json\/wp\/v2\/media?parent=13914"}],"wp:term":[{"taxonomy":"category","embeddable":true,"href":"https:\/\/www.urfabugun.com\/index.php\/wp-json\/wp\/v2\/categories?post=13914"},{"taxonomy":"post_tag","embeddable":true,"href":"https:\/\/www.urfabugun.com\/index.php\/wp-json\/wp\/v2\/tags?post=13914"},{"taxonomy":"manset","embeddable":true,"href":"https:\/\/www.urfabugun.com\/index.php\/wp-json\/wp\/v2\/manset?post=13914"}],"curies":[{"name":"wp","href":"https:\/\/api.w.org\/{rel}","templated":true}]}}