{"id":13938,"date":"2024-04-17T09:58:57","date_gmt":"2024-04-17T06:58:57","guid":{"rendered":"https:\/\/www.urfabugun.com\/?p=13938"},"modified":"2024-04-17T09:59:04","modified_gmt":"2024-04-17T06:59:04","slug":"pfdkya-sevk-edilen-sanliurfaspora-ceza-kapida","status":"publish","type":"post","link":"https:\/\/www.urfabugun.com\/index.php\/2024\/04\/17\/pfdkya-sevk-edilen-sanliurfaspora-ceza-kapida\/","title":{"rendered":"PFDK&#8217;ya Sevk Edilen \u015eanl\u0131urfaspor\u2019a Ceza Kap\u0131da!"},"content":{"rendered":"\n<p><\/p>\n\n\n\n<p><strong>Ge\u00e7en hafta Pazar g\u00fcn\u00fc Band\u0131rmaspor\u2019u a\u011f\u0131rlayan \u015eanl\u0131urfaspor \u201c\u00e7irkin ve k\u00f6t\u00fc tezah\u00fcrat\u201d nedeniyle PFDK\u2019ya sevk edildi.<\/strong><\/p>\n\n\n\n<p>T\u00fcrkiye Futbol Federasyonu Profesyonel Futbol Disiplin Kurulu\u2019na (PFDK) sevk edilen tak\u0131mlar\u0131 a\u00e7\u0131klad\u0131. PFDK\u2019ya sevk edilen kul\u00fcpler aras\u0131nda \u015eanl\u0131urfaspor da yer ald\u0131.<\/p>\n\n\n\n<p>TFF\u2019den yap\u0131lan a\u00e7\u0131klamada; \u2018\u2019 &nbsp;Astor Enerji \u015eanl\u0131urfaspor Kul\u00fcb\u00fc\u2019n\u00fcn 14.04. 2024 tarihinde oynanan Astor Enerji \u015eanl\u0131urfaspor-Teks\u00fct Band\u0131rma Spor Trendyol 1. Lig m\u00fcsabakas\u0131ndaki \u201c\u00e7irkin ve k\u00f6t\u00fc tezah\u00fcrat\u0131\u201d ve Teks\u00fct Band\u0131rma Spor Kul\u00fcb\u00fc\u2019n\u00fcn \u201ctalimatlara ayk\u0131r\u0131 hareket\u201d nedeniyle Futbol Disiplin Talimat\u0131n\u0131n 46. maddesi ile &nbsp;Sa\u011fl\u0131k Ekiplerinin Yap\u0131lanmalar\u0131 ve \u0130\u015fleyi\u015fleri Talimat\u0131n\u0131n 5\/d maddesi uyar\u0131nca PFDK&#8217;ya sevkine karar verilmi\u015ftir. \u2019denildi.<\/p>\n","protected":false},"excerpt":{"rendered":"<p>Ge\u00e7en hafta Pazar g\u00fcn\u00fc Band\u0131rmaspor\u2019u a\u011f\u0131rlayan \u015eanl\u0131urfaspor \u201c\u00e7irkin ve k\u00f6t\u00fc tezah\u00fcrat\u201d nedeniyle PFDK\u2019ya sevk edildi. T\u00fcrkiye&#46;&#46;&#46;<\/p>\n","protected":false},"author":2,"featured_media":13940,"comment_status":"open","ping_status":"open","sticky":false,"template":"","format":"standard","meta":{"inline_featured_image":false,"footnotes":""},"categories":[88],"tags":[4146,4145,131,107,122],"manset":[],"class_list":["post-13938","post","type-post","status-publish","format-standard","has-post-thumbnail","hentry","category-spor-haberleri","tag-pfdk","tag-pfdkya-sevk-edilen-sanliurfaspora-ceza-kapida","tag-son-dakika","tag-ub","tag-urfaspor"],"_links":{"self":[{"href":"https:\/\/www.urfabugun.com\/index.php\/wp-json\/wp\/v2\/posts\/13938","targetHints":{"allow":["GET"]}}],"collection":[{"href":"https:\/\/www.urfabugun.com\/index.php\/wp-json\/wp\/v2\/posts"}],"about":[{"href":"https:\/\/www.urfabugun.com\/index.php\/wp-json\/wp\/v2\/types\/post"}],"author":[{"embeddable":true,"href":"https:\/\/www.urfabugun.com\/index.php\/wp-json\/wp\/v2\/users\/2"}],"replies":[{"embeddable":true,"href":"https:\/\/www.urfabugun.com\/index.php\/wp-json\/wp\/v2\/comments?post=13938"}],"version-history":[{"count":0,"href":"https:\/\/www.urfabugun.com\/index.php\/wp-json\/wp\/v2\/posts\/13938\/revisions"}],"wp:featuredmedia":[{"embeddable":true,"href":"https:\/\/www.urfabugun.com\/index.php\/wp-json\/wp\/v2\/media\/13940"}],"wp:attachment":[{"href":"https:\/\/www.urfabugun.com\/index.php\/wp-json\/wp\/v2\/media?parent=13938"}],"wp:term":[{"taxonomy":"category","embeddable":true,"href":"https:\/\/www.urfabugun.com\/index.php\/wp-json\/wp\/v2\/categories?post=13938"},{"taxonomy":"post_tag","embeddable":true,"href":"https:\/\/www.urfabugun.com\/index.php\/wp-json\/wp\/v2\/tags?post=13938"},{"taxonomy":"manset","embeddable":true,"href":"https:\/\/www.urfabugun.com\/index.php\/wp-json\/wp\/v2\/manset?post=13938"}],"curies":[{"name":"wp","href":"https:\/\/api.w.org\/{rel}","templated":true}]}}