{"id":13960,"date":"2024-04-17T17:24:38","date_gmt":"2024-04-17T14:24:38","guid":{"rendered":"https:\/\/www.urfabugun.com\/?p=13960"},"modified":"2024-04-17T17:24:46","modified_gmt":"2024-04-17T14:24:46","slug":"baskan-ciftcinin-talimatiyla-taziye-evi-giderlerini-karakopru-belediyesi-karsilayacak","status":"publish","type":"post","link":"https:\/\/www.urfabugun.com\/index.php\/2024\/04\/17\/baskan-ciftcinin-talimatiyla-taziye-evi-giderlerini-karakopru-belediyesi-karsilayacak\/","title":{"rendered":"Ba\u015fkan \u00c7ift\u00e7i\u2019nin Talimat\u0131yla Taziye Evi Giderlerini Karak\u00f6pr\u00fc Belediyesi Kar\u015f\u0131layacak!"},"content":{"rendered":"\n<p><\/p>\n\n\n\n<p><strong>Karak\u00f6pr\u00fc Belediye Ba\u015fkan\u0131 Nihat \u00c7ift\u00e7i\u2019nin talimatlar\u0131 ile vatanda\u015flar\u0131n ac\u0131l\u0131 g\u00fcn\u00fcnde yan\u0131nda olmak amac\u0131yla taziye evlerindeki giderler, Karak\u00f6pr\u00fc Belediyesi taraf\u0131ndan kar\u015f\u0131lanacak.<\/strong><\/p>\n\n\n\n<p>Sosyal belediyecilik faaliyetleri kapsam\u0131nda pilot uygulama olarak Karak\u00f6pr\u00fc Belediyesine ait Seyrantepe, \u00c7ankaya ve Do\u011fukent mahallelerinde bulunan taziye evlerinde ba\u015flayacak uygulama ile taziye sahibi vatanda\u015flara \u00e7ay, su, m\u0131rra ve temizlik i\u00e7in personel deste\u011fi verilecek. Hayata ge\u00e7ecek \u00f6rnek uygulaman\u0131n Karak\u00f6pr\u00fc il\u00e7e s\u0131n\u0131rlar\u0131ndaki t\u00fcm taziye evlerinde uygulanmas\u0131 i\u00e7in gerekli \u00f6n \u00e7al\u0131\u015fmalar ve g\u00f6r\u00fc\u015fmeler ba\u015flat\u0131ld\u0131.<\/p>\n\n\n\n<figure class=\"wp-block-image size-large\"><img loading=\"lazy\" decoding=\"async\" width=\"1024\" height=\"682\" src=\"https:\/\/www.urfabugun.com\/wp-content\/uploads\/2024\/04\/20fa6f32-4e75-402f-b1a8-8d5bf4a540bb-1024x682.jpeg\" alt=\"\" class=\"wp-image-13963\"\/><\/figure>\n\n\n\n<p>\u201c\u0130nsan odakl\u0131 \u00e7al\u0131\u015fmalar ile her zaman vatanda\u015flar\u0131m\u0131z\u0131n yan\u0131nday\u0131z\u201d diyen Karak\u00f6pr\u00fc Belediye Ba\u015fkan\u0131 Nihat \u00c7ift\u00e7i, &#8220;Vatanda\u015flar\u0131m\u0131z\u0131n ac\u0131lar\u0131n\u0131 payla\u015fmak ve onlara destek olmak bizim \u00f6ncelikli g\u00f6revlerimizdendir. Belediyemize ait taziye evlerinde taziyesi olan vatanda\u015flar\u0131m\u0131za i\u00e7ecek ikram, temizlik ve personel deste\u011fini sa\u011flayarak bu ac\u0131l\u0131 g\u00fcnlerde bir nebze de destek vermek istedik. Bunu ilerleyen g\u00fcnlerde Karak\u00f6pr\u00fc il\u00e7e s\u0131n\u0131rlar\u0131 i\u00e7erisinde bulunan t\u00fcm taziye evlerinde ger\u00e7ekle\u015ftirece\u011fiz\u201d diye konu\u015ftu.<\/p>\n","protected":false},"excerpt":{"rendered":"<p>Karak\u00f6pr\u00fc Belediye Ba\u015fkan\u0131 Nihat \u00c7ift\u00e7i\u2019nin talimatlar\u0131 ile vatanda\u015flar\u0131n ac\u0131l\u0131 g\u00fcn\u00fcnde yan\u0131nda olmak amac\u0131yla taziye evlerindeki giderler,&#46;&#46;&#46;<\/p>\n","protected":false},"author":2,"featured_media":13962,"comment_status":"open","ping_status":"open","sticky":false,"template":"","format":"standard","meta":{"inline_featured_image":false,"footnotes":""},"categories":[82],"tags":[705,782,139,1019,107],"manset":[],"class_list":["post-13960","post","type-post","status-publish","format-standard","has-post-thumbnail","hentry","category-gundem-haberleri","tag-karakopru-belediyesi","tag-nihat-ciftci","tag-sondakika","tag-taziye-evi","tag-ub"],"_links":{"self":[{"href":"https:\/\/www.urfabugun.com\/index.php\/wp-json\/wp\/v2\/posts\/13960","targetHints":{"allow":["GET"]}}],"collection":[{"href":"https:\/\/www.urfabugun.com\/index.php\/wp-json\/wp\/v2\/posts"}],"about":[{"href":"https:\/\/www.urfabugun.com\/index.php\/wp-json\/wp\/v2\/types\/post"}],"author":[{"embeddable":true,"href":"https:\/\/www.urfabugun.com\/index.php\/wp-json\/wp\/v2\/users\/2"}],"replies":[{"embeddable":true,"href":"https:\/\/www.urfabugun.com\/index.php\/wp-json\/wp\/v2\/comments?post=13960"}],"version-history":[{"count":0,"href":"https:\/\/www.urfabugun.com\/index.php\/wp-json\/wp\/v2\/posts\/13960\/revisions"}],"wp:featuredmedia":[{"embeddable":true,"href":"https:\/\/www.urfabugun.com\/index.php\/wp-json\/wp\/v2\/media\/13962"}],"wp:attachment":[{"href":"https:\/\/www.urfabugun.com\/index.php\/wp-json\/wp\/v2\/media?parent=13960"}],"wp:term":[{"taxonomy":"category","embeddable":true,"href":"https:\/\/www.urfabugun.com\/index.php\/wp-json\/wp\/v2\/categories?post=13960"},{"taxonomy":"post_tag","embeddable":true,"href":"https:\/\/www.urfabugun.com\/index.php\/wp-json\/wp\/v2\/tags?post=13960"},{"taxonomy":"manset","embeddable":true,"href":"https:\/\/www.urfabugun.com\/index.php\/wp-json\/wp\/v2\/manset?post=13960"}],"curies":[{"name":"wp","href":"https:\/\/api.w.org\/{rel}","templated":true}]}}