{"id":13965,"date":"2024-04-17T20:53:22","date_gmt":"2024-04-17T17:53:22","guid":{"rendered":"https:\/\/www.urfabugun.com\/?p=13965"},"modified":"2024-04-17T20:53:29","modified_gmt":"2024-04-17T17:53:29","slug":"sanliurfa-buyuksehir-belediyesi-genel-sekreteri-belli-oldu","status":"publish","type":"post","link":"https:\/\/www.urfabugun.com\/index.php\/2024\/04\/17\/sanliurfa-buyuksehir-belediyesi-genel-sekreteri-belli-oldu\/","title":{"rendered":"\u015eanl\u0131urfa B\u00fcy\u00fck\u015fehir Belediyesi Genel Sekreteri Belli Oldu!"},"content":{"rendered":"\n<p><\/p>\n\n\n\n<p><strong>\u015eanl\u0131urfa B\u00fcy\u00fck\u015fehir Belediyesi yeni Sekreteri Besim \u015ei\u015fman oldu.<\/strong><\/p>\n\n\n\n<p>Besim \u015ei\u015fman, en son olarak TPAO Genel M\u00fcd\u00fcr\u00fc ve Y\u00f6netim Kurulu Ba\u015fkan\u0131 olarak g\u00f6rev yap\u0131yordu.<br>\u015eanl\u0131urfa B\u00fcy\u00fck\u015fehir Belediye Ba\u015fkanl\u0131\u011f\u0131 koltu\u011funa oturan Mehmet Kas\u0131m G\u00fclp\u0131nar yeni ekibini olu\u015fturmaya devam ediyor.<\/p>\n\n\n\n<p>\u015eanl\u0131urfa B\u00fcy\u00fck\u015fehir Belediyesi Genel Sekreteri Ferit Da\u011fdeviren\u2019in g\u00f6revden al\u0131nmas\u0131n\u0131n ard\u0131ndan T\u00fcrkiye Petrolleri (TP) Y\u00f6netim Kurulu \u00dcyesi ve Genel M\u00fcd\u00fcr Yard\u0131mc\u0131l\u0131\u011f\u0131 g\u00f6revinde de bulunan Besim \u015ei\u015fman getirildi.<\/p>\n","protected":false},"excerpt":{"rendered":"<p>\u015eanl\u0131urfa B\u00fcy\u00fck\u015fehir Belediyesi yeni Sekreteri Besim \u015ei\u015fman oldu. Besim \u015ei\u015fman, en son olarak TPAO Genel M\u00fcd\u00fcr\u00fc&#46;&#46;&#46;<\/p>\n","protected":false},"author":2,"featured_media":12186,"comment_status":"open","ping_status":"open","sticky":false,"template":"","format":"standard","meta":{"inline_featured_image":false,"footnotes":""},"categories":[82],"tags":[4152,131,107],"manset":[],"class_list":["post-13965","post","type-post","status-publish","format-standard","has-post-thumbnail","hentry","category-gundem-haberleri","tag-sanliurfa-buyuksehir-belediyesi-genel-sekreteri-belli-oldu","tag-son-dakika","tag-ub"],"_links":{"self":[{"href":"https:\/\/www.urfabugun.com\/index.php\/wp-json\/wp\/v2\/posts\/13965","targetHints":{"allow":["GET"]}}],"collection":[{"href":"https:\/\/www.urfabugun.com\/index.php\/wp-json\/wp\/v2\/posts"}],"about":[{"href":"https:\/\/www.urfabugun.com\/index.php\/wp-json\/wp\/v2\/types\/post"}],"author":[{"embeddable":true,"href":"https:\/\/www.urfabugun.com\/index.php\/wp-json\/wp\/v2\/users\/2"}],"replies":[{"embeddable":true,"href":"https:\/\/www.urfabugun.com\/index.php\/wp-json\/wp\/v2\/comments?post=13965"}],"version-history":[{"count":0,"href":"https:\/\/www.urfabugun.com\/index.php\/wp-json\/wp\/v2\/posts\/13965\/revisions"}],"wp:featuredmedia":[{"embeddable":true,"href":"https:\/\/www.urfabugun.com\/index.php\/wp-json\/wp\/v2\/media\/12186"}],"wp:attachment":[{"href":"https:\/\/www.urfabugun.com\/index.php\/wp-json\/wp\/v2\/media?parent=13965"}],"wp:term":[{"taxonomy":"category","embeddable":true,"href":"https:\/\/www.urfabugun.com\/index.php\/wp-json\/wp\/v2\/categories?post=13965"},{"taxonomy":"post_tag","embeddable":true,"href":"https:\/\/www.urfabugun.com\/index.php\/wp-json\/wp\/v2\/tags?post=13965"},{"taxonomy":"manset","embeddable":true,"href":"https:\/\/www.urfabugun.com\/index.php\/wp-json\/wp\/v2\/manset?post=13965"}],"curies":[{"name":"wp","href":"https:\/\/api.w.org\/{rel}","templated":true}]}}