{"id":14020,"date":"2024-04-19T10:02:51","date_gmt":"2024-04-19T07:02:51","guid":{"rendered":"https:\/\/www.urfabugun.com\/?p=14020"},"modified":"2024-04-19T10:02:57","modified_gmt":"2024-04-19T07:02:57","slug":"belsan-genel-muduru-habib-arslan-oldu","status":"publish","type":"post","link":"https:\/\/www.urfabugun.com\/index.php\/2024\/04\/19\/belsan-genel-muduru-habib-arslan-oldu\/","title":{"rendered":"BELSAN Genel M\u00fcd\u00fcr\u00fc Habib Arslan Oldu!"},"content":{"rendered":"\n<p><\/p>\n\n\n\n<p><strong>\u015eanl\u0131urfa B\u00fcy\u00fck\u015fehir Belediyesi BELSAN Genel M\u00fcd\u00fcrl\u00fc\u011f\u00fcnde Habib Arslan atand\u0131.<\/strong><\/p>\n\n\n\n<p>31 Mart se\u00e7imlerinde B\u00fcy\u00fck\u015fehir Belediye Ba\u015fkanl\u0131\u011f\u0131na Mehmet Kas\u0131m G\u00fclp\u0131nar\u2019\u0131n se\u00e7ilmesiyle birlikte bir\u00e7ok daire ba\u015fkanl\u0131\u011f\u0131 ve kurum m\u00fcd\u00fcrl\u00fcklerinde de\u011fi\u015fikli\u011fe gidildi.<\/p>\n\n\n\n<p>Bu kapsamda \u015eanl\u0131urfa B\u00fcy\u00fck\u015fehir Belediyesi BELSAN Genel M\u00fcd\u00fcr\u00fc Levent \u00c7elik\u2019in g\u00f6revden al\u0131nmas\u0131n\u0131n ard\u0131ndan, bu pozisyona eski \u015eanl\u0131urfa Belediye Ba\u015fkan Yard\u0131mc\u0131s\u0131 ve eski \u015eanl\u0131urfaspor Kul\u00fcb\u00fc Ba\u015fkan\u0131 Habib Arslan atand\u0131.<\/p>\n","protected":false},"excerpt":{"rendered":"<p>\u015eanl\u0131urfa B\u00fcy\u00fck\u015fehir Belediyesi BELSAN Genel M\u00fcd\u00fcrl\u00fc\u011f\u00fcnde Habib Arslan atand\u0131. 31 Mart se\u00e7imlerinde B\u00fcy\u00fck\u015fehir Belediye Ba\u015fkanl\u0131\u011f\u0131na Mehmet&#46;&#46;&#46;<\/p>\n","protected":false},"author":2,"featured_media":14022,"comment_status":"open","ping_status":"open","sticky":false,"template":"","format":"standard","meta":{"inline_featured_image":false,"footnotes":""},"categories":[82],"tags":[4172,4170,4171,107],"manset":[],"class_list":["post-14020","post","type-post","status-publish","format-standard","has-post-thumbnail","hentry","category-gundem-haberleri","tag-belsan","tag-belsan-genel-muduru-habib-arslan-oldu","tag-habib-aslan","tag-ub"],"_links":{"self":[{"href":"https:\/\/www.urfabugun.com\/index.php\/wp-json\/wp\/v2\/posts\/14020","targetHints":{"allow":["GET"]}}],"collection":[{"href":"https:\/\/www.urfabugun.com\/index.php\/wp-json\/wp\/v2\/posts"}],"about":[{"href":"https:\/\/www.urfabugun.com\/index.php\/wp-json\/wp\/v2\/types\/post"}],"author":[{"embeddable":true,"href":"https:\/\/www.urfabugun.com\/index.php\/wp-json\/wp\/v2\/users\/2"}],"replies":[{"embeddable":true,"href":"https:\/\/www.urfabugun.com\/index.php\/wp-json\/wp\/v2\/comments?post=14020"}],"version-history":[{"count":0,"href":"https:\/\/www.urfabugun.com\/index.php\/wp-json\/wp\/v2\/posts\/14020\/revisions"}],"wp:featuredmedia":[{"embeddable":true,"href":"https:\/\/www.urfabugun.com\/index.php\/wp-json\/wp\/v2\/media\/14022"}],"wp:attachment":[{"href":"https:\/\/www.urfabugun.com\/index.php\/wp-json\/wp\/v2\/media?parent=14020"}],"wp:term":[{"taxonomy":"category","embeddable":true,"href":"https:\/\/www.urfabugun.com\/index.php\/wp-json\/wp\/v2\/categories?post=14020"},{"taxonomy":"post_tag","embeddable":true,"href":"https:\/\/www.urfabugun.com\/index.php\/wp-json\/wp\/v2\/tags?post=14020"},{"taxonomy":"manset","embeddable":true,"href":"https:\/\/www.urfabugun.com\/index.php\/wp-json\/wp\/v2\/manset?post=14020"}],"curies":[{"name":"wp","href":"https:\/\/api.w.org\/{rel}","templated":true}]}}