{"id":14052,"date":"2024-04-19T16:33:33","date_gmt":"2024-04-19T13:33:33","guid":{"rendered":"https:\/\/www.urfabugun.com\/?p=14052"},"modified":"2024-04-19T16:33:39","modified_gmt":"2024-04-19T13:33:39","slug":"sanliurfada-bir-ilk-israf-ve-yolsuzluk-hatti-devrede","status":"publish","type":"post","link":"https:\/\/www.urfabugun.com\/index.php\/2024\/04\/19\/sanliurfada-bir-ilk-israf-ve-yolsuzluk-hatti-devrede\/","title":{"rendered":"\u015eanl\u0131urfa\u2019da Bir \u0130lk: \u0130sraf ve Yolsuzluk Hatt\u0131 Devrede!"},"content":{"rendered":"\n<p><\/p>\n\n\n\n<p><strong>\u015eanl\u0131urfa B\u00fcy\u00fck\u015fehir Belediye Ba\u015fkan\u0131 Mehmet Kas\u0131m G\u00fclp\u0131nar talimat\u0131yla \u201cisraf ve yolsuzluk whatsapp ihbar hatt\u0131\u201d hizmete girdi.<\/strong><\/p>\n\n\n\n<p>\u015eanl\u0131urfa B\u00fcy\u00fck\u015fehir Belediyesi, Ba\u015fkan Mehmet Kas\u0131m G\u00fclp\u0131nar\u2019\u0131n talimatlar\u0131 do\u011frultusunda \u0130sraf ve Yolsuzluk WhatsApp \u0130hbar Hatt\u0131n\u0131 kurdu.<\/p>\n\n\n\n<p>Vatanda\u015flar, g\u00f6rd\u00fckleri israf ve yolsuzluklar\u0131<br>0533 947 63 63<br>numaral\u0131 hat ile belediye bildirebilecek.<\/p>\n\n\n\n<p>Sosyal medya hesab\u0131ndan payla\u015f\u0131mda bulunan \u015eanl\u0131urfa B\u00fcy\u00fck\u015fehir Belediyesi; &#8220;\u0130sraf ve Yolsuzluk WhatsApp \u0130hbar Hatt\u0131&#8221; hizmete girmi\u015ftir. Bu konu \u00f6zelinde t\u00fcm bildirimlerinizi<br>0533 947 63 63 numaral\u0131 hatt\u0131m\u0131za iletebilirsiniz\u201d dedi.<\/p>\n","protected":false},"excerpt":{"rendered":"<p>\u015eanl\u0131urfa B\u00fcy\u00fck\u015fehir Belediye Ba\u015fkan\u0131 Mehmet Kas\u0131m G\u00fclp\u0131nar talimat\u0131yla \u201cisraf ve yolsuzluk whatsapp ihbar hatt\u0131\u201d hizmete girdi.&#46;&#46;&#46;<\/p>\n","protected":false},"author":2,"featured_media":14054,"comment_status":"open","ping_status":"open","sticky":false,"template":"","format":"standard","meta":{"inline_featured_image":false,"footnotes":""},"categories":[82],"tags":[118,119,4183,131,107],"manset":[],"class_list":["post-14052","post","type-post","status-publish","format-standard","has-post-thumbnail","hentry","category-gundem-haberleri","tag-sanliurfa","tag-sanliurfa-buyuksehir-belediyesi","tag-sanliurfada-bir-ilk-israf-ve-yolsuzluk-hatti-devrede","tag-son-dakika","tag-ub"],"_links":{"self":[{"href":"https:\/\/www.urfabugun.com\/index.php\/wp-json\/wp\/v2\/posts\/14052","targetHints":{"allow":["GET"]}}],"collection":[{"href":"https:\/\/www.urfabugun.com\/index.php\/wp-json\/wp\/v2\/posts"}],"about":[{"href":"https:\/\/www.urfabugun.com\/index.php\/wp-json\/wp\/v2\/types\/post"}],"author":[{"embeddable":true,"href":"https:\/\/www.urfabugun.com\/index.php\/wp-json\/wp\/v2\/users\/2"}],"replies":[{"embeddable":true,"href":"https:\/\/www.urfabugun.com\/index.php\/wp-json\/wp\/v2\/comments?post=14052"}],"version-history":[{"count":0,"href":"https:\/\/www.urfabugun.com\/index.php\/wp-json\/wp\/v2\/posts\/14052\/revisions"}],"wp:featuredmedia":[{"embeddable":true,"href":"https:\/\/www.urfabugun.com\/index.php\/wp-json\/wp\/v2\/media\/14054"}],"wp:attachment":[{"href":"https:\/\/www.urfabugun.com\/index.php\/wp-json\/wp\/v2\/media?parent=14052"}],"wp:term":[{"taxonomy":"category","embeddable":true,"href":"https:\/\/www.urfabugun.com\/index.php\/wp-json\/wp\/v2\/categories?post=14052"},{"taxonomy":"post_tag","embeddable":true,"href":"https:\/\/www.urfabugun.com\/index.php\/wp-json\/wp\/v2\/tags?post=14052"},{"taxonomy":"manset","embeddable":true,"href":"https:\/\/www.urfabugun.com\/index.php\/wp-json\/wp\/v2\/manset?post=14052"}],"curies":[{"name":"wp","href":"https:\/\/api.w.org\/{rel}","templated":true}]}}