{"id":14111,"date":"2024-04-22T14:08:58","date_gmt":"2024-04-22T11:08:58","guid":{"rendered":"https:\/\/www.urfabugun.com\/?p=14111"},"modified":"2024-04-22T14:09:05","modified_gmt":"2024-04-22T11:09:05","slug":"sanliurfada-evde-cikan-yanginda-bir-kisi-dumandan-etkilendi","status":"publish","type":"post","link":"https:\/\/www.urfabugun.com\/index.php\/2024\/04\/22\/sanliurfada-evde-cikan-yanginda-bir-kisi-dumandan-etkilendi\/","title":{"rendered":"\u015eanl\u0131urfa&#8217;da Evde \u00c7\u0131kan Yang\u0131nda Bir Ki\u015fi Dumandan Etkilendi!"},"content":{"rendered":"\n<p><\/p>\n\n\n\n<p><strong>\u015eanl\u0131urfa\u2019n\u0131n Haliliye il\u00e7esinde bir binan\u0131n 4. Kat\u0131nda \u00e7\u0131kan yang\u0131nda 1 ki\u015fi dumandan etkilendi.<\/strong><br>Yang\u0131n, Haliliye il\u00e7esi Ulubatl\u0131 Mahallesi bulunan 5 katl\u0131 bir apartman\u0131n 4\u2019nc\u00fci kat\u0131nda meydana geldi. \u0130ddiaya g\u00f6re, apartman dairesinde hen\u00fcz belirlenemeyen bir sebepten dolay\u0131 yang\u0131n \u00e7\u0131kt\u0131. Dairenin balkon k\u0131sm\u0131ndan alevler y\u00fckseldi\u011fini g\u00f6ren vatanda\u015flar, durumu itfaiye ekiplerine haber verdi.<\/p>\n\n\n\n<figure class=\"wp-block-image size-large\"><img loading=\"lazy\" decoding=\"async\" width=\"1024\" height=\"768\" src=\"https:\/\/www.urfabugun.com\/wp-content\/uploads\/2024\/04\/c2e20df9-a0b6-4466-807d-cd1a664d6a98-1024x768.jpeg\" alt=\"\" class=\"wp-image-14114\"\/><\/figure>\n\n\n\n<p><br>Olay yerine gelen itfaiye ekipleri yang\u0131n\u0131 uzun u\u011fra\u015flar sonucu s\u00f6nd\u00fcrd\u00fc. Yang\u0131nda dumandan etkilenen bir ki\u015fi 112 acil servis ekiplerince hastaneye kald\u0131r\u0131ld\u0131. Yang\u0131nda apartman dairesinde b\u00fcy\u00fck \u00e7apta maddi hasar meydana geldi.<br>Yang\u0131n\u0131n \u00e7\u0131k\u0131\u015f sebebi ara\u015ft\u0131r\u0131l\u0131yor.<\/p>\n","protected":false},"excerpt":{"rendered":"<p>\u015eanl\u0131urfa\u2019n\u0131n Haliliye il\u00e7esinde bir binan\u0131n 4. Kat\u0131nda \u00e7\u0131kan yang\u0131nda 1 ki\u015fi dumandan etkilendi.Yang\u0131n, Haliliye il\u00e7esi Ulubatl\u0131&#46;&#46;&#46;<\/p>\n","protected":false},"author":2,"featured_media":14113,"comment_status":"open","ping_status":"open","sticky":false,"template":"","format":"standard","meta":{"inline_featured_image":false,"footnotes":""},"categories":[75],"tags":[118,4197,131,107,211],"manset":[],"class_list":["post-14111","post","type-post","status-publish","format-standard","has-post-thumbnail","hentry","category-asayis-haberleri","tag-sanliurfa","tag-sanliurfada-evde-cikan-yanginda-bir-kisi-dumandan-etkilendi","tag-son-dakika","tag-ub","tag-yangin"],"_links":{"self":[{"href":"https:\/\/www.urfabugun.com\/index.php\/wp-json\/wp\/v2\/posts\/14111","targetHints":{"allow":["GET"]}}],"collection":[{"href":"https:\/\/www.urfabugun.com\/index.php\/wp-json\/wp\/v2\/posts"}],"about":[{"href":"https:\/\/www.urfabugun.com\/index.php\/wp-json\/wp\/v2\/types\/post"}],"author":[{"embeddable":true,"href":"https:\/\/www.urfabugun.com\/index.php\/wp-json\/wp\/v2\/users\/2"}],"replies":[{"embeddable":true,"href":"https:\/\/www.urfabugun.com\/index.php\/wp-json\/wp\/v2\/comments?post=14111"}],"version-history":[{"count":0,"href":"https:\/\/www.urfabugun.com\/index.php\/wp-json\/wp\/v2\/posts\/14111\/revisions"}],"wp:featuredmedia":[{"embeddable":true,"href":"https:\/\/www.urfabugun.com\/index.php\/wp-json\/wp\/v2\/media\/14113"}],"wp:attachment":[{"href":"https:\/\/www.urfabugun.com\/index.php\/wp-json\/wp\/v2\/media?parent=14111"}],"wp:term":[{"taxonomy":"category","embeddable":true,"href":"https:\/\/www.urfabugun.com\/index.php\/wp-json\/wp\/v2\/categories?post=14111"},{"taxonomy":"post_tag","embeddable":true,"href":"https:\/\/www.urfabugun.com\/index.php\/wp-json\/wp\/v2\/tags?post=14111"},{"taxonomy":"manset","embeddable":true,"href":"https:\/\/www.urfabugun.com\/index.php\/wp-json\/wp\/v2\/manset?post=14111"}],"curies":[{"name":"wp","href":"https:\/\/api.w.org\/{rel}","templated":true}]}}