{"id":14122,"date":"2024-04-23T09:13:25","date_gmt":"2024-04-23T06:13:25","guid":{"rendered":"https:\/\/www.urfabugun.com\/?p=14122"},"modified":"2024-04-23T09:13:31","modified_gmt":"2024-04-23T06:13:31","slug":"birecikte-hafif-ticari-arac-ile-otomobil-carpisti-1-olu-5-yarali","status":"publish","type":"post","link":"https:\/\/www.urfabugun.com\/index.php\/2024\/04\/23\/birecikte-hafif-ticari-arac-ile-otomobil-carpisti-1-olu-5-yarali\/","title":{"rendered":"Birecik&#8217;te Hafif Ticari Ara\u00e7 \u0130le Otomobil \u00c7arp\u0131\u015ft\u0131, 1 \u00d6l\u00fc, 5 Yaral\u0131!"},"content":{"rendered":"\n<p><\/p>\n\n\n\n<p><strong>\u015eanl\u0131urfa\u2019n\u0131n Birecik il\u00e7esinde hafif ticari ara\u00e7 ile otomobilin \u00e7arp\u0131\u015fmas\u0131 sonucu meydana gelen kazada 1 ki\u015fi hayat\u0131n\u0131 kaybederken 2\u2019si \u00e7ocuk 5 ki\u015fi yaraland\u0131.<\/strong><\/p>\n\n\n\n<p>Kaza Birecik il\u00e7esine ba\u011fl\u0131 U\u011furcuk Mahallesi Baraj Yolu Kelaynak mevkiinde meydana geldi. Al\u0131nan bilgiye g\u00f6re Ahmet Ayd\u0131n D. y\u00f6netimindeki 27 TY 287 plakal\u0131 ara\u00e7 ile Mahmut K. y\u00f6netimindeki 27 AU 410 plakal\u0131 otomobil \u00e7arp\u0131\u015ft\u0131.<\/p>\n\n\n\n<p>Kazada, ara\u00e7lardaki Mahmut K\u0131l\u0131\u00e7, Ahmet Ayd\u0131n D., Bedriye K., \u00d6nder K., \u0130brahim Halil K. ve H\u00fcseyin K. ki\u015filer yaraland\u0131. \u00c7evredekilerin ihbar\u0131 \u00fczerine olay yerine sa\u011fl\u0131k, itfaiye ve jandarma ekipleri sevk edildi.<\/p>\n\n\n\n<p>K\u0131sa s\u00fcrede olay yerine gelen itfaiye ekipleri ara\u00e7 i\u00e7erisinde s\u0131k\u0131\u015fan yaral\u0131lar\u0131 bulunduklar\u0131 yerden kurtararak sa\u011fl\u0131k ekiplerine teslim etti. Yaral\u0131 Mahmut K\u0131l\u0131\u00e7, Ahmet Ayd\u0131n D., Bedriye K., \u00d6nder K., \u0130brahim Halil K. ve H\u00fcseyin K. isimli ki\u015filer sa\u011fl\u0131k ekiplerinin ilk m\u00fcdahalesinin ard\u0131ndan Birecik Devlet Hastanesine kald\u0131r\u0131ld\u0131. Burada tedavi alt\u0131na al\u0131nan yaral\u0131lardan Mahmut K\u0131l\u0131\u00e7 kurtar\u0131lamayarak hayat\u0131n\u0131 kaybetti.<\/p>\n\n\n\n<p>Kazaya kar\u0131\u015fan ara\u00e7lar \u00e7ekici yard\u0131m\u0131yla yoldan kald\u0131r\u0131l\u0131rken jandarma ekipleri olayla ilgili soru\u015fturma ba\u015flatt\u0131.<\/p>\n","protected":false},"excerpt":{"rendered":"<p>\u015eanl\u0131urfa\u2019n\u0131n Birecik il\u00e7esinde hafif ticari ara\u00e7 ile otomobilin \u00e7arp\u0131\u015fmas\u0131 sonucu meydana gelen kazada 1 ki\u015fi hayat\u0131n\u0131&#46;&#46;&#46;<\/p>\n","protected":false},"author":2,"featured_media":14124,"comment_status":"open","ping_status":"open","sticky":false,"template":"","format":"standard","meta":{"inline_featured_image":false,"footnotes":""},"categories":[75],"tags":[3711,3798,184,4200,131,107],"manset":[],"class_list":["post-14122","post","type-post","status-publish","format-standard","has-post-thumbnail","hentry","category-asayis-haberleri","tag-1-olu","tag-5-yarali","tag-asayis","tag-birecikte-hafif-ticari-arac-ile-otomobil-carpisti","tag-son-dakika","tag-ub"],"_links":{"self":[{"href":"https:\/\/www.urfabugun.com\/index.php\/wp-json\/wp\/v2\/posts\/14122","targetHints":{"allow":["GET"]}}],"collection":[{"href":"https:\/\/www.urfabugun.com\/index.php\/wp-json\/wp\/v2\/posts"}],"about":[{"href":"https:\/\/www.urfabugun.com\/index.php\/wp-json\/wp\/v2\/types\/post"}],"author":[{"embeddable":true,"href":"https:\/\/www.urfabugun.com\/index.php\/wp-json\/wp\/v2\/users\/2"}],"replies":[{"embeddable":true,"href":"https:\/\/www.urfabugun.com\/index.php\/wp-json\/wp\/v2\/comments?post=14122"}],"version-history":[{"count":0,"href":"https:\/\/www.urfabugun.com\/index.php\/wp-json\/wp\/v2\/posts\/14122\/revisions"}],"wp:featuredmedia":[{"embeddable":true,"href":"https:\/\/www.urfabugun.com\/index.php\/wp-json\/wp\/v2\/media\/14124"}],"wp:attachment":[{"href":"https:\/\/www.urfabugun.com\/index.php\/wp-json\/wp\/v2\/media?parent=14122"}],"wp:term":[{"taxonomy":"category","embeddable":true,"href":"https:\/\/www.urfabugun.com\/index.php\/wp-json\/wp\/v2\/categories?post=14122"},{"taxonomy":"post_tag","embeddable":true,"href":"https:\/\/www.urfabugun.com\/index.php\/wp-json\/wp\/v2\/tags?post=14122"},{"taxonomy":"manset","embeddable":true,"href":"https:\/\/www.urfabugun.com\/index.php\/wp-json\/wp\/v2\/manset?post=14122"}],"curies":[{"name":"wp","href":"https:\/\/api.w.org\/{rel}","templated":true}]}}