{"id":14131,"date":"2024-04-23T09:51:03","date_gmt":"2024-04-23T06:51:03","guid":{"rendered":"https:\/\/www.urfabugun.com\/?p=14131"},"modified":"2024-04-23T09:51:09","modified_gmt":"2024-04-23T06:51:09","slug":"urfali-ogrenci-manisada-motosiklet-kazasinda-hayatini-kaybetti","status":"publish","type":"post","link":"https:\/\/www.urfabugun.com\/index.php\/2024\/04\/23\/urfali-ogrenci-manisada-motosiklet-kazasinda-hayatini-kaybetti\/","title":{"rendered":"Urfal\u0131 \u00d6\u011frenci Manisa\u2019da Motosiklet Kazas\u0131nda Hayat\u0131n\u0131 Kaybetti!"},"content":{"rendered":"\n<p><\/p>\n\n\n\n<p><strong>\u00dcniversite \u00f6\u011frencisi \u015eanl\u0131urfal\u0131 Vildan Beyazta\u015f Manisa\u2019n\u0131 Salihli il\u00e7esinde kamyonet ile elektrikli bisikletin \u00e7arp\u0131\u015fmas\u0131 sonucu meydana gelen kazada hayat\u0131n\u0131 kaybetti.<\/strong><\/p>\n\n\n\n<p>Olay Manisa\u2019n\u0131n Salihli il\u00e7esine ba\u011fl\u0131 kur\u015funlu yolu \u00fczerinde meydana geldi. Edinilen bilgilere g\u00f6re, \u00d6.D. (21) y\u00f6netimindeki 20 AJT 71 plakal\u0131 kamyonet, A.G. (24) kulland\u0131\u011f\u0131 elektrikli bisikletle \u00e7arp\u0131\u015ft\u0131. Kamyonet s\u00fcr\u00fcc\u00fcs\u00fc yara almadan kazay\u0131 atlat\u0131rken elektrikli bisiklet s\u00fcr\u00fcc\u00fcs\u00fc ve yolcu konumundaki Vildan Beyazta\u015f (22) yaraland\u0131.&nbsp;<\/p>\n\n\n\n<p>Olay yerine sa\u011fl\u0131k ekiplerinin intikal etmesinin ard\u0131ndan yaral\u0131lar hastaneye kald\u0131r\u0131lsa da Pamukkale \u00dcniversite \u00f6\u011frencisi 22 ya\u015f\u0131ndaki Vildan Beyazta\u015f kurtulamad\u0131.&nbsp;<\/p>\n","protected":false},"excerpt":{"rendered":"<p>\u00dcniversite \u00f6\u011frencisi \u015eanl\u0131urfal\u0131 Vildan Beyazta\u015f Manisa\u2019n\u0131 Salihli il\u00e7esinde kamyonet ile elektrikli bisikletin \u00e7arp\u0131\u015fmas\u0131 sonucu meydana gelen&#46;&#46;&#46;<\/p>\n","protected":false},"author":2,"featured_media":14133,"comment_status":"open","ping_status":"open","sticky":false,"template":"","format":"standard","meta":{"inline_featured_image":false,"footnotes":""},"categories":[75],"tags":[184,228,131,107,4203,4204,4205],"manset":[],"class_list":["post-14131","post","type-post","status-publish","format-standard","has-post-thumbnail","hentry","category-asayis-haberleri","tag-asayis","tag-kaza","tag-son-dakika","tag-ub","tag-urfali-ogrenci-manisada-motosiklet-kazasinda-hayatini-kaybetti","tag-vildan-beyaztas","tag-vildan-beyaztas-kaza"],"_links":{"self":[{"href":"https:\/\/www.urfabugun.com\/index.php\/wp-json\/wp\/v2\/posts\/14131","targetHints":{"allow":["GET"]}}],"collection":[{"href":"https:\/\/www.urfabugun.com\/index.php\/wp-json\/wp\/v2\/posts"}],"about":[{"href":"https:\/\/www.urfabugun.com\/index.php\/wp-json\/wp\/v2\/types\/post"}],"author":[{"embeddable":true,"href":"https:\/\/www.urfabugun.com\/index.php\/wp-json\/wp\/v2\/users\/2"}],"replies":[{"embeddable":true,"href":"https:\/\/www.urfabugun.com\/index.php\/wp-json\/wp\/v2\/comments?post=14131"}],"version-history":[{"count":0,"href":"https:\/\/www.urfabugun.com\/index.php\/wp-json\/wp\/v2\/posts\/14131\/revisions"}],"wp:featuredmedia":[{"embeddable":true,"href":"https:\/\/www.urfabugun.com\/index.php\/wp-json\/wp\/v2\/media\/14133"}],"wp:attachment":[{"href":"https:\/\/www.urfabugun.com\/index.php\/wp-json\/wp\/v2\/media?parent=14131"}],"wp:term":[{"taxonomy":"category","embeddable":true,"href":"https:\/\/www.urfabugun.com\/index.php\/wp-json\/wp\/v2\/categories?post=14131"},{"taxonomy":"post_tag","embeddable":true,"href":"https:\/\/www.urfabugun.com\/index.php\/wp-json\/wp\/v2\/tags?post=14131"},{"taxonomy":"manset","embeddable":true,"href":"https:\/\/www.urfabugun.com\/index.php\/wp-json\/wp\/v2\/manset?post=14131"}],"curies":[{"name":"wp","href":"https:\/\/api.w.org\/{rel}","templated":true}]}}